{"id":93,"date":"2025-10-02T15:32:46","date_gmt":"2025-10-02T18:32:46","guid":{"rendered":"https:\/\/planosdesaudeamil.com.br\/amilempresa\/?p=93"},"modified":"2026-04-09T20:08:42","modified_gmt":"2026-04-09T23:08:42","slug":"amil-black","status":"publish","type":"post","link":"https:\/\/planosdesaudeamil.com.br\/amilempresa\/amil-black\/","title":{"rendered":"Amil Black, planos Amil Black, Amil Black empresa"},"content":{"rendered":"\n<p>Para sua empresa que busca pelo plano de sa\u00fade <strong>Amil Black<\/strong>, conhe\u00e7a as linhas e benef\u00edcios da operadora. Vamos entender tudo sobre essa linha premium da operadora? Continue a leitura!<\/p>\n\n\n\n<p>Se voc\u00ea busca um plano de sa\u00fade premium, com ampla cobertura e atendimento diferenciado, o <strong>Amil Black<\/strong> \u00e9 a escolha ideal. Desenvolvido para quem valoriza conforto, exclusividade e acesso aos melhores servi\u00e7os de sa\u00fade, esse plano oferece uma experi\u00eancia completa em cuidado m\u00e9dico. Com abrang\u00eancia nacional, hospitais de excel\u00eancia e reembolso facilitado, o Amil Black garante seguran\u00e7a e tranquilidade para voc\u00ea e sua fam\u00edlia.<\/p>\n\n\n\n<h1 class=\"wp-block-heading\">Amil Black<\/h1>\n\n\n\n<figure class=\"wp-block-embed is-type-video is-provider-youtube wp-block-embed-youtube wp-embed-aspect-16-9 wp-has-aspect-ratio\"><div class=\"wp-block-embed__wrapper\">\n<iframe loading=\"lazy\" title=\"Amil Black. O melhor plano de sa\u00fade do mundo.\" width=\"500\" height=\"281\" src=\"https:\/\/www.youtube.com\/embed\/LvjgXRUUqnQ?feature=oembed\" frameborder=\"0\" allow=\"accelerometer; autoplay; clipboard-write; encrypted-media; gyroscope; picture-in-picture; web-share\" referrerpolicy=\"strict-origin-when-cross-origin\" allowfullscreen><\/iframe>\n<\/div><\/figure>\n\n\n\n<p>Al\u00e9m de uma rede credenciada de alto padr\u00e3o, os <strong>planos Amil Black<\/strong> disponibilizam servi\u00e7os exclusivos como check-up anual, acompanhamento com equipe multidisciplinar, atendimento internacional em casos de urg\u00eancia e acesso facilitado a grandes laborat\u00f3rios. \u00c9 o plano ideal para quem deseja o melhor em sa\u00fade, com comodidade, rapidez e qualidade no atendimento m\u00e9dico.<\/p>\n\n\n\n<p>Quer saber mais sobre o <strong>Amil Black<\/strong>? Fa\u00e7a agora mesmo uma <strong>cota\u00e7\u00e3o personalizada<\/strong> e descubra todas as vantagens que esse plano pode oferecer. Conte com uma consultoria especializada para encontrar a melhor op\u00e7\u00e3o de cobertura, conforme seu perfil e suas necessidades. Sa\u00fade de verdade come\u00e7a com a escolha certa \u2014 conhe\u00e7a o Amil Black!<\/p>\n\n\n\n<p>Com abrang\u00eancia nacional, reembolso facilitado e atendimento nos hospitais <strong>S\u00edrio-Liban\u00eas<\/strong> e <strong>Albert Einstein<\/strong>, o Amil Black garante seguran\u00e7a e tranquilidade para voc\u00ea e sua fam\u00edlia.<\/p>\n\n\n\n<h2 class=\"wp-block-heading\" style=\"margin-bottom:var(--wp--preset--spacing--60)\"><a href=\"https:\/\/amilblackempresas.com.br\/\">Amil Black<\/a><\/h2>\n\n\n\n<ul class=\"wp-block-list\">\n<li>O melhor e mais r\u00e1pido reembolso.<\/li>\n\n\n\n<li>Diversas vacinas inclu\u00eddas.<\/li>\n\n\n\n<li>Atendimento odontol\u00f3gico premium.<\/li>\n\n\n\n<li>Cobertura m\u00e9dica internacional de 300 mil d\u00f3lares.<\/li>\n\n\n\n<li>Remo\u00e7\u00e3o a\u00e9rea no valor de at\u00e9 150 mil d\u00f3lares.<\/li>\n<\/ul>\n\n\n\n<h2 class=\"wp-block-heading\">Amil Black empresas<\/h2>\n\n\n\n<p>Contratado a partir de 2 vidas pelo CNPJ, a Amil Black empresas \u00e9 uma excelente op\u00e7\u00e3o para quem busca cobertura completa no S\u00edrio Liban\u00eas e Albert Einstein.<\/p>\n\n\n\n<p>Bem como, essa linha <strong><a href=\"https:\/\/planosdesaudeamil.com.br\/amilempresa\/\">Amil empresa<\/a><\/strong> possui diferenciais como a assist\u00eancia a viagem internacional, cobertura de vacinas e a inclus\u00e3o da Amil resgate sa\u00fade.<\/p>\n\n\n\n<h2 class=\"wp-block-heading\">Amil Black (SIMULE AQUI)<\/h2>\n\n\n\n<figure class=\"wp-block-image size-full has-custom-border\"><a href=\"https:\/\/api.whatsapp.com\/send?phone=5511969670055&amp;text=Simular Amil Black\"><img loading=\"lazy\" decoding=\"async\" width=\"1000\" height=\"667\" src=\"http:\/\/planosdesaudeamil.com.br\/amilempresa\/wp-content\/uploads\/2025\/10\/amil-contato.jpg\" alt=\"Amil Black\" class=\"wp-image-40\" style=\"border-top-left-radius:20px;border-top-right-radius:20px;border-bottom-left-radius:20px;border-bottom-right-radius:20px\" srcset=\"https:\/\/planosdesaudeamil.com.br\/amilempresa\/wp-content\/uploads\/2025\/10\/amil-contato.jpg 1000w, https:\/\/planosdesaudeamil.com.br\/amilempresa\/wp-content\/uploads\/2025\/10\/amil-contato-300x200.jpg 300w, https:\/\/planosdesaudeamil.com.br\/amilempresa\/wp-content\/uploads\/2025\/10\/amil-contato-768x512.jpg 768w\" sizes=\"auto, (max-width: 1000px) 100vw, 1000px\" \/><\/a><\/figure>\n\n\n\n<p>Preencha o formul\u00e1rio abaixo, e receba em seu e-mail em poucos minutos, as tabelas de pre\u00e7os dos&nbsp;<strong>planos Amil empresarial<\/strong>.<\/p>\n\n\n\n<style id=\"wpforms-css-vars-6\">\n\t\t\t\t#wpforms-6 {\n\t\t\t\t--wpforms-container-padding: 0px;\n--wpforms-container-border-width: 1px;\n--wpforms-container-border-radius: 3px;\n--wpforms-background-color: rgba(0, 0, 0, 0);\n--wpforms-field-size-input-height: 43px;\n--wpforms-field-size-input-spacing: 15px;\n--wpforms-field-size-font-size: 16px;\n--wpforms-field-size-line-height: 19px;\n--wpforms-field-size-padding-h: 14px;\n--wpforms-field-size-checkbox-size: 16px;\n--wpforms-field-size-sublabel-spacing: 5px;\n--wpforms-field-size-icon-size: 1;\n--wpforms-label-size-font-size: 16px;\n--wpforms-label-size-line-height: 19px;\n--wpforms-label-size-sublabel-font-size: 14px;\n--wpforms-label-size-sublabel-line-height: 17px;\n--wpforms-button-size-font-size: 17px;\n--wpforms-button-size-height: 41px;\n--wpforms-button-size-padding-h: 15px;\n--wpforms-button-size-margin-top: 10px;\n--wpforms-container-shadow-size-box-shadow: none;\n\t\t\t}\n\t\t\t<\/style><div class=\"wpforms-container wpforms-container-full wpforms-render-modern\" id=\"wpforms-6\"><form id=\"wpforms-form-6\" class=\"wpforms-validate wpforms-form wpforms-ajax-form\" data-formid=\"6\" method=\"post\" enctype=\"multipart\/form-data\" action=\"\/amilempresa\/wp-json\/wp\/v2\/posts\/93\" data-token=\"bfcb776eefba75728d1f2b36f1f2c3b4\" data-token-time=\"1777297002\"><noscript class=\"wpforms-error-noscript\">Ative o JavaScript no seu navegador para preencher este formul\u00e1rio.<\/noscript><div id=\"wpforms-error-noscript\" style=\"display: none;\">Ative o JavaScript no seu navegador para preencher este formul\u00e1rio.<\/div><div class=\"wpforms-field-container\"><div id=\"wpforms-6-field_4-container\" class=\"wpforms-field wpforms-field-text\" data-field-id=\"4\"><label class=\"wpforms-field-label\" for=\"wpforms-6-field_4\">Nome <span class=\"wpforms-required-label\" aria-hidden=\"true\">*<\/span><\/label><input type=\"text\" id=\"wpforms-6-field_4\" class=\"wpforms-field-medium wpforms-field-required\" name=\"wpforms[fields][4]\" aria-errormessage=\"wpforms-6-field_4-error\" required><\/div><div id=\"wpforms-6-field_5-container\" class=\"wpforms-field wpforms-field-text\" data-field-id=\"5\"><label class=\"wpforms-field-label\" for=\"wpforms-6-field_5\">Cidade e Estado <span class=\"wpforms-required-label\" aria-hidden=\"true\">*<\/span><\/label><input type=\"text\" id=\"wpforms-6-field_5\" class=\"wpforms-field-medium wpforms-field-required\" name=\"wpforms[fields][5]\" aria-errormessage=\"wpforms-6-field_5-error\" required><\/div><div id=\"wpforms-6-field_6-container\" class=\"wpforms-field wpforms-field-text\" data-field-id=\"6\"><label class=\"wpforms-field-label\" for=\"wpforms-6-field_6\">Telefone <span class=\"wpforms-required-label\" aria-hidden=\"true\">*<\/span><\/label><input type=\"text\" id=\"wpforms-6-field_6\" class=\"wpforms-field-medium wpforms-field-required\" name=\"wpforms[fields][6]\" aria-errormessage=\"wpforms-6-field_6-error\" required><\/div><div id=\"wpforms-6-field_2-container\" class=\"wpforms-field wpforms-field-email\" data-field-id=\"2\"><label class=\"wpforms-field-label\" for=\"wpforms-6-field_2\">E-mail <span class=\"wpforms-required-label\" aria-hidden=\"true\">*<\/span><\/label><input type=\"email\" id=\"wpforms-6-field_2\" class=\"wpforms-field-medium wpforms-field-required\" name=\"wpforms[fields][2]\" spellcheck=\"false\" aria-errormessage=\"wpforms-6-field_2-error\" required><\/div><div id=\"wpforms-6-field_7-container\" class=\"wpforms-field wpforms-field-text\" data-field-id=\"7\"><label class=\"wpforms-field-label\" for=\"wpforms-6-field_7\">Idade das vidas <span class=\"wpforms-required-label\" aria-hidden=\"true\">*<\/span><\/label><input type=\"text\" id=\"wpforms-6-field_7\" class=\"wpforms-field-medium wpforms-field-required\" name=\"wpforms[fields][7]\" aria-errormessage=\"wpforms-6-field_7-error\" required><\/div><div id=\"wpforms-6-field_8-container\" class=\"wpforms-field wpforms-field-text\" data-field-id=\"8\"><label class=\"wpforms-field-label\" for=\"wpforms-6-field_8\">Informar se \u00e9 plano empresarial ou pessoa f\u00edsica <span class=\"wpforms-required-label\" aria-hidden=\"true\">*<\/span><\/label><input type=\"text\" id=\"wpforms-6-field_8\" class=\"wpforms-field-medium wpforms-field-required\" name=\"wpforms[fields][8]\" aria-errormessage=\"wpforms-6-field_8-error\" required><\/div>\t\t<div id=\"wpforms-6-field_1-container\"\n\t\t\tclass=\"wpforms-field wpforms-field-text\"\n\t\t\tdata-field-type=\"text\"\n\t\t\tdata-field-id=\"1\"\n\t\t\t>\n\t\t\t<label class=\"wpforms-field-label\" for=\"wpforms-6-field_1\" >se e vidas<\/label>\n\t\t\t<input type=\"text\" id=\"wpforms-6-field_1\" class=\"wpforms-field-medium\" name=\"wpforms[fields][1]\" >\n\t\t<\/div>\n\t\t<div id=\"wpforms-6-field_3-container\" class=\"wpforms-field wpforms-field-textarea\" data-field-id=\"3\"><label class=\"wpforms-field-label\" for=\"wpforms-6-field_3\">Descreva suas necessidades e coment\u00e1rio <span class=\"wpforms-required-label\" aria-hidden=\"true\">*<\/span><\/label><textarea id=\"wpforms-6-field_3\" class=\"wpforms-field-medium wpforms-field-required\" name=\"wpforms[fields][3]\" aria-errormessage=\"wpforms-6-field_3-error\" required><\/textarea><\/div><script>\n\t\t\t\t( function() {\n\t\t\t\t\tconst style = document.createElement( 'style' );\n\t\t\t\t\tstyle.appendChild( document.createTextNode( '#wpforms-6-field_1-container { position: absolute !important; overflow: hidden !important; display: inline !important; height: 1px !important; width: 1px !important; z-index: -1000 !important; padding: 0 !important; } #wpforms-6-field_1-container input { visibility: hidden; } #wpforms-conversational-form-page #wpforms-6-field_1-container label { counter-increment: none; }' ) );\n\t\t\t\t\tdocument.head.appendChild( style );\n\t\t\t\t\tdocument.currentScript?.remove();\n\t\t\t\t} )();\n\t\t\t<\/script><\/div><!-- .wpforms-field-container --><div class=\"wpforms-submit-container\" ><input type=\"hidden\" name=\"wpforms[id]\" value=\"6\"><input type=\"hidden\" name=\"page_title\" value=\"\"><input type=\"hidden\" name=\"page_url\" value=\"https:\/\/planosdesaudeamil.com.br\/amilempresa\/wp-json\/wp\/v2\/posts\/93\"><input type=\"hidden\" name=\"url_referer\" value=\"\"><button type=\"submit\" name=\"wpforms[submit]\" id=\"wpforms-submit-6\" class=\"wpforms-submit\" data-alt-text=\"Enviando\u2026\" data-submit-text=\"Enviar\" aria-live=\"assertive\" value=\"wpforms-submit\">Enviar<\/button><img loading=\"lazy\" decoding=\"async\" src=\"https:\/\/planosdesaudeamil.com.br\/amilempresa\/wp-content\/plugins\/wpforms-lite\/assets\/images\/submit-spin.svg\" class=\"wpforms-submit-spinner\" style=\"display: none;\" width=\"26\" height=\"26\" alt=\"Carregando\"><\/div><\/form><\/div>  <!-- .wpforms-container -->\n\n\n\n<h2 class=\"wp-block-heading\">Amil Black (d\u00favidas frequentes)<\/h2>\n\n\n\n<p>Que bom que voc\u00ea chegou at\u00e9 aqui! Abaixo, voc\u00ea encontrar\u00e1 respostas para as d\u00favidas mais comuns de nossos clientes que procuram pela&nbsp;<strong>Amil Black<\/strong>. Entenda as particularidades para fazer a escolha mais assertiva.<\/p>\n\n\n\n<h3 class=\"wp-block-heading\">O que \u00e9 o Amil Black?<\/h3>\n\n\n\n<p>O Amil Black \u00e9 o plano de sa\u00fade premium da Amil, criado para quem busca exclusividade, conforto e atendimento de alto padr\u00e3o. Ele oferece acesso a uma ampla rede de hospitais e cl\u00ednicas de refer\u00eancia em todo o Brasil.<\/p>\n\n\n\n<p>Al\u00e9m disso, o plano proporciona uma experi\u00eancia diferenciada com atendimento personalizado, reembolso r\u00e1pido e benef\u00edcios exclusivos, garantindo mais tranquilidade e bem-estar para o benefici\u00e1rio.<\/p>\n\n\n\n<h3 class=\"wp-block-heading\">Quais s\u00e3o as principais vantagens do Amil Black?<\/h3>\n\n\n\n<p>O <strong>Amil Black<\/strong> se destaca pela excel\u00eancia no atendimento e pela cobertura nacional ampla, incluindo hospitais de renome como o Albert Einstein e o S\u00edrio-Liban\u00eas. Outro grande diferencial \u00e9 o acesso facilitado a especialistas e exames sem burocracia.<\/p>\n\n\n\n<p>Al\u00e9m disso, o plano conta com reembolso de alto valor, assist\u00eancia internacional e programas de sa\u00fade personalizados, tornando-o ideal para quem busca qualidade e conforto em todos os detalhes.<\/p>\n\n\n\n<h3 class=\"wp-block-heading\">O Amil Black tem cobertura nacional?<\/h3>\n\n\n\n<p>Sim, o Amil Black possui cobertura nacional completa, garantindo atendimento em todas as regi\u00f5es do pa\u00eds. Isso significa que o benefici\u00e1rio pode contar com os melhores hospitais e cl\u00ednicas, mesmo fora de sua cidade de origem.<\/p>\n\n\n\n<p>Portanto, \u00e9 uma excelente escolha para quem viaja com frequ\u00eancia a trabalho ou lazer e n\u00e3o quer abrir m\u00e3o da seguran\u00e7a e qualidade de um plano premium.<\/p>\n\n\n\n<h3 class=\"wp-block-heading\">Quais hospitais fazem parte da rede Amil Black?<\/h3>\n\n\n\n<p>A rede credenciada do Amil Black inclui institui\u00e7\u00f5es de refer\u00eancia, como o Hospital Albert Einstein, S\u00edrio-Liban\u00eas, 9 de Julho e Samaritano. Esses hospitais s\u00e3o reconhecidos pela excel\u00eancia m\u00e9dica e tecnologia avan\u00e7ada.<\/p>\n\n\n\n<p>Com isso, o benefici\u00e1rio tem acesso aos melhores centros de sa\u00fade do pa\u00eds, garantindo diagn\u00f3sticos precisos, tratamentos modernos e atendimento humanizado.<\/p>\n\n\n\n<h3 class=\"wp-block-heading\">O Amil Black oferece atendimento internacional?<\/h3>\n\n\n\n<p>Sim. O Amil Black oferece cobertura internacional de emerg\u00eancia, garantindo suporte m\u00e9dico fora do pa\u00eds. Essa vantagem \u00e9 essencial para quem costuma viajar e deseja ter seguran\u00e7a durante o per\u00edodo no exterior.<\/p>\n\n\n\n<p>Al\u00e9m disso, a Amil possui parcerias com redes de atendimento globais, o que facilita o acesso a hospitais e cl\u00ednicas de confian\u00e7a em diversos pa\u00edses.<\/p>\n\n\n\n<h3 class=\"wp-block-heading\">Qual \u00e9 a diferen\u00e7a entre Amil Black e outros planos Amil?<\/h3>\n\n\n\n<p>A principal diferen\u00e7a est\u00e1 na qualidade e abrang\u00eancia dos servi\u00e7os. O <strong>Amil Black<\/strong> \u00e9 voltado para quem busca uma experi\u00eancia premium, com atendimento exclusivo, ampla rede credenciada e alto valor de reembolso.<\/p>\n\n\n\n<p>Enquanto outros planos atendem perfis mais gerais, o Amil Black prioriza conforto, agilidade e acesso direto aos melhores profissionais de sa\u00fade do pa\u00eds.<\/p>\n\n\n\n<h3 class=\"wp-block-heading\">Como funciona o reembolso no Amil Black?<\/h3>\n\n\n\n<p>O reembolso no Amil Black \u00e9 r\u00e1pido e com valores superiores \u00e0 m\u00e9dia do mercado. O processo pode ser feito de forma digital, garantindo praticidade e agilidade para o benefici\u00e1rio.<\/p>\n\n\n\n<p>Dessa forma, quem opta por consultas ou exames fora da rede credenciada tem tranquilidade e facilidade para receber o valor de volta.<\/p>\n\n\n\n<h3 class=\"wp-block-heading\">Quem pode contratar o Amil Black?<\/h3>\n\n\n\n<p>O Amil Black pode ser contratado tanto por pessoas f\u00edsicas quanto jur\u00eddicas. \u00c9 uma excelente op\u00e7\u00e3o para executivos, empres\u00e1rios e fam\u00edlias que valorizam sa\u00fade e exclusividade.<\/p>\n\n\n\n<p>Al\u00e9m disso, empresas que desejam oferecer um benef\u00edcio diferenciado aos seus colaboradores encontram no Amil Black um plano de alto padr\u00e3o e excelente custo-benef\u00edcio.<\/p>\n\n\n\n<h3 class=\"wp-block-heading\">O Amil Black cobre procedimentos est\u00e9ticos?<\/h3>\n\n\n\n<p>O Amil Black cobre apenas procedimentos est\u00e9ticos que tenham finalidade m\u00e9dica, conforme as normas da ANS. Isso inclui, por exemplo, cirurgias reparadoras ap\u00f3s acidentes ou doen\u00e7as.<\/p>\n\n\n\n<p>Por outro lado, procedimentos puramente est\u00e9ticos n\u00e3o est\u00e3o inclu\u00eddos, mas o benefici\u00e1rio conta com ampla cobertura em cirurgias e tratamentos especializados.<\/p>\n\n\n\n<h3 class=\"wp-block-heading\">Como \u00e9 o atendimento do Amil Black?<\/h3>\n\n\n\n<p>O atendimento do Amil Black \u00e9 reconhecido pela excel\u00eancia e pelo suporte personalizado. O benefici\u00e1rio conta com uma central exclusiva, dispon\u00edvel 24 horas por dia, para agendamentos e orienta\u00e7\u00f5es m\u00e9dicas.<\/p>\n\n\n\n<p>Al\u00e9m disso, o plano oferece acompanhamento individualizado, proporcionando uma experi\u00eancia completa, r\u00e1pida e eficiente em todas as etapas do cuidado com a sa\u00fade.<\/p>\n\n\n\n<h3 class=\"wp-block-heading\">O Amil Black tem programas de preven\u00e7\u00e3o e bem-estar?<\/h3>\n\n\n\n<p>Sim, o Amil Black possui programas de preven\u00e7\u00e3o, nutri\u00e7\u00e3o e bem-estar, voltados para o cuidado cont\u00ednuo com a sa\u00fade. Esses programas s\u00e3o conduzidos por profissionais especializados, com foco na qualidade de vida.<\/p>\n\n\n\n<p>Assim, o benefici\u00e1rio recebe apoio para manter h\u00e1bitos saud\u00e1veis, controlar doen\u00e7as cr\u00f4nicas e garantir uma rotina equilibrada.<\/p>\n\n\n\n<h3 class=\"wp-block-heading\">Como contratar o Amil Black pela Consult Vida?<\/h3>\n\n\n\n<p>Para contratar o Amil Black com a Consult Vida, basta entrar em contato com nossa equipe de especialistas. N\u00f3s fazemos uma an\u00e1lise personalizada para encontrar o plano ideal para o seu perfil.<\/p>\n\n\n\n<p>Com a Consult Vida, o processo \u00e9 r\u00e1pido, transparente e totalmente orientado. Garantimos que voc\u00ea tenha acesso ao melhor plano premium do mercado, com toda a seguran\u00e7a e suporte que merece.<\/p>\n\n\n\n<figure class=\"wp-block-image size-full has-custom-border\"><img loading=\"lazy\" decoding=\"async\" width=\"947\" height=\"942\" src=\"http:\/\/planosdesaudeamil.com.br\/amilempresa\/wp-content\/uploads\/2025\/10\/amil-black-1.jpg\" alt=\"Amil Black\" class=\"wp-image-484\" style=\"border-top-left-radius:20px;border-top-right-radius:20px;border-bottom-left-radius:20px;border-bottom-right-radius:20px\" srcset=\"https:\/\/planosdesaudeamil.com.br\/amilempresa\/wp-content\/uploads\/2025\/10\/amil-black-1.jpg 947w, https:\/\/planosdesaudeamil.com.br\/amilempresa\/wp-content\/uploads\/2025\/10\/amil-black-1-300x298.jpg 300w, https:\/\/planosdesaudeamil.com.br\/amilempresa\/wp-content\/uploads\/2025\/10\/amil-black-1-150x150.jpg 150w, https:\/\/planosdesaudeamil.com.br\/amilempresa\/wp-content\/uploads\/2025\/10\/amil-black-1-768x764.jpg 768w\" sizes=\"auto, (max-width: 947px) 100vw, 947px\" \/><\/figure>\n\n\n\n<h2 class=\"wp-block-heading\">5 motivos para voc\u00ea pensar em contratar os planos Amil Black<\/h2>\n\n\n\n<p>Se voc\u00ea valoriza conforto, atendimento exclusivo e acesso aos melhores hospitais do pa\u00eds, os <strong>planos Amil Black<\/strong> s\u00e3o a escolha certa. Essa linha premium da Amil foi criada especialmente para quem busca um servi\u00e7o de sa\u00fade completo, com excel\u00eancia em cada detalhe. A seguir, listamos <strong>5 motivos<\/strong> que mostram por que o Amil Black \u00e9 um investimento inteligente para sua sa\u00fade e tranquilidade.<\/p>\n\n\n\n<h3 class=\"wp-block-heading\">Acesso aos melhores hospitais e m\u00e9dicos do Brasil<\/h3>\n\n\n\n<p>Com o <strong>Amil Black<\/strong>, voc\u00ea tem acesso a hospitais de refer\u00eancia nacional, como o <strong>Albert Einstein<\/strong>, <strong>S\u00edrio-Liban\u00eas<\/strong>, <strong>9 de Julho<\/strong> e <strong>Samaritano<\/strong>. Al\u00e9m disso, o plano oferece uma rede m\u00e9dica altamente qualificada, garantindo diagn\u00f3sticos precisos e tratamentos de ponta.<\/p>\n\n\n\n<p>Por isso, essa \u00e9 a escolha ideal para quem busca o melhor atendimento m\u00e9dico dispon\u00edvel, sem abrir m\u00e3o da agilidade e conforto que um plano premium oferece.<\/p>\n\n\n\n<h3 class=\"wp-block-heading\">Atendimento personalizado e exclusivo<\/h3>\n\n\n\n<p>O <strong>Amil Black<\/strong> proporciona uma experi\u00eancia diferenciada desde o primeiro contato. O benefici\u00e1rio conta com uma <strong>central exclusiva de atendimento 24 horas<\/strong>, suporte para agendamentos e orienta\u00e7\u00e3o m\u00e9dica personalizada.<\/p>\n\n\n\n<p>Com esse cuidado, voc\u00ea ganha tempo e praticidade, tendo sempre o suporte que precisa, quando mais precisar.<\/p>\n\n\n\n<h3 class=\"wp-block-heading\">Reembolso r\u00e1pido e de alto valor<\/h3>\n\n\n\n<p>Outro grande diferencial \u00e9 o <strong>sistema de reembolso \u00e1gil e transparente<\/strong>. O Amil Black oferece valores acima da m\u00e9dia de mercado e permite que o processo seja feito de forma digital, de onde voc\u00ea estiver.<\/p>\n\n\n\n<p>Assim, voc\u00ea mant\u00e9m liberdade de escolha, podendo utilizar m\u00e9dicos e cl\u00ednicas fora da rede credenciada sem abrir m\u00e3o da tranquilidade e seguran\u00e7a financeira.<\/p>\n\n\n\n<h3 class=\"wp-block-heading\">Cobertura nacional e internacional<\/h3>\n\n\n\n<p>Seja no Brasil ou no exterior, o <strong>Amil Black<\/strong> garante que voc\u00ea estar\u00e1 sempre protegido. Com cobertura nacional completa e <strong>assist\u00eancia internacional de emerg\u00eancia<\/strong>, o plano \u00e9 perfeito para quem viaja com frequ\u00eancia.<\/p>\n\n\n\n<p>Ainda assim, essa cobertura ampla assegura que voc\u00ea tenha o mesmo padr\u00e3o de atendimento premium, independentemente do lugar onde estiver.<\/p>\n\n\n\n<h3 class=\"wp-block-heading\">Programas de bem-estar e preven\u00e7\u00e3o<\/h3>\n\n\n\n<p>Al\u00e9m de cuidar da sa\u00fade quando algo acontece, o <strong>Amil Black<\/strong> investe em <strong>programas de preven\u00e7\u00e3o, nutri\u00e7\u00e3o e qualidade de vida<\/strong>. O objetivo \u00e9 promover um acompanhamento cont\u00ednuo, ajudando a manter h\u00e1bitos saud\u00e1veis e prevenir doen\u00e7as.<\/p>\n\n\n\n<p>Com isso, voc\u00ea vive melhor e com mais equil\u00edbrio, sabendo que seu plano de sa\u00fade se preocupa verdadeiramente com o seu bem-estar.<\/p>\n\n\n\n<figure class=\"wp-block-image size-full has-custom-border\"><img loading=\"lazy\" decoding=\"async\" width=\"800\" height=\"533\" src=\"http:\/\/planosdesaudeamil.com.br\/amilempresa\/wp-content\/uploads\/2025\/10\/albert-einstein.jpg\" alt=\"Plano Albert Einstein\" class=\"wp-image-491\" style=\"border-top-left-radius:20px;border-top-right-radius:20px;border-bottom-left-radius:20px;border-bottom-right-radius:20px\" srcset=\"https:\/\/planosdesaudeamil.com.br\/amilempresa\/wp-content\/uploads\/2025\/10\/albert-einstein.jpg 800w, https:\/\/planosdesaudeamil.com.br\/amilempresa\/wp-content\/uploads\/2025\/10\/albert-einstein-300x200.jpg 300w, https:\/\/planosdesaudeamil.com.br\/amilempresa\/wp-content\/uploads\/2025\/10\/albert-einstein-768x512.jpg 768w\" sizes=\"auto, (max-width: 800px) 100vw, 800px\" \/><\/figure>\n\n\n\n<h2 class=\"wp-block-heading\">Plano Albert Einstein<\/h2>\n\n\n\n<p>Conhe\u00e7a as melhores op\u00e7\u00f5es de planos de sa\u00fade com cobertura no Albert Einstein, com a ajuda dos nossos consultores para auxiliar sua fam\u00edlia ou empresa no menor custo.<\/p>\n\n\n\n<p>Al\u00e9m disso, trabalhamos com as principais operadoras de sa\u00fade premium no Brasil, com atendimento completo no Einstein.<\/p>\n\n\n\n<p>Bem como, mesmo que voc\u00ea resida em outro estado do Brasil, vai poder utilizar a Telemedicina com m\u00e9dicos do Einstein 24 horas, com v\u00e1rias especialidades dispon\u00edveis.<\/p>\n\n\n\n<h3 class=\"wp-block-heading\" style=\"margin-top:var(--wp--preset--spacing--30);margin-bottom:var(--wp--preset--spacing--30)\">Conv\u00eanios M\u00e9dicos Albert Einstein<\/h3>\n\n\n\n<ul class=\"wp-block-list\">\n<li>Amil Black, Omint, Porto Seguro, Bradesco e SulAm\u00e9rica<\/li>\n\n\n\n<li>Alto valor de reembolso<\/li>\n\n\n\n<li>Telemedicina com m\u00e9dicos do Einstein<\/li>\n\n\n\n<li>Assist\u00eancia viagem internacional<\/li>\n\n\n\n<li>Resgate sa\u00fade<\/li>\n\n\n\n<li>M\u00e9dicos renomados<\/li>\n<\/ul>\n\n\n\n<h2 class=\"wp-block-heading\">Plano Amil Black empresa: sa\u00fade premium para sua fam\u00edlia<\/h2>\n\n\n\n<p>O&nbsp;<strong>Plano Amil Black<\/strong>&nbsp;atende companhias que valorizam o bem-estar e a seguran\u00e7a dos seus benefici\u00e1rios. Com atendimento nacional e cobertura nos principais hospitais do pa\u00eds, com efeito ele expressa excel\u00eancia em sa\u00fade corporativa.<\/p>\n\n\n\n<p>Al\u00e9m da ampla rede credenciada, surpreendentemente o&nbsp;<strong>Amil Black empresarial<\/strong>&nbsp;oferece servi\u00e7os diferenciados, como resgate domiciliar, telemedicina e check-up executivo. Assim sendo cada detalhe refor\u00e7a o compromisso da Amil em proporcionar conforto e efici\u00eancia no atendimento m\u00e9dico.<\/p>\n\n\n\n<p>Portanto quem contrata o&nbsp;<strong>plano Amil Black<\/strong>&nbsp;garante exclusividade, acesso r\u00e1pido a especialistas e suporte personalizado. Certamente ele \u00e9 uma op\u00e7\u00e3o premium para pessoas e organiza\u00e7\u00f5es que buscam um plano de sa\u00fade de alto padr\u00e3o.<\/p>\n\n\n\n<h2 class=\"wp-block-heading\">Experi\u00eancia Amil Black<\/h2>\n\n\n\n<p>A cria\u00e7\u00e3o do&nbsp;<strong>plano Amil Black<\/strong>&nbsp;foi baseada em pesquisas de mercado voltadas ao comportamento do consumidor de alto poder aquisitivo.<\/p>\n\n\n\n<p>Antes disso, a Amil j\u00e1 atuava no segmento premium, mas identificou uma oportunidade de elevar o n\u00edvel de servi\u00e7os oferecidos.<\/p>\n\n\n\n<p>Dessa forma, o novo produto foi estruturado para atender \u00e0s principais demandas desse p\u00fablico: atendimento personalizado, acesso facilitado a hospitais de excel\u00eancia, cobertura global e benef\u00edcios diferenciados que agreguem valor real ao dia a dia.<\/p>\n\n\n\n<h2 class=\"wp-block-heading has-text-align-center\">8 benef\u00edcios exclusivos da nova linha Amil Black que est\u00e3o chamando a aten\u00e7\u00e3o do mercado premium no Brasil<\/h2>\n\n\n\n<figure class=\"wp-block-image aligncenter size-full has-custom-border\"><img loading=\"lazy\" decoding=\"async\" width=\"460\" height=\"524\" src=\"http:\/\/planosdesaudeamil.com.br\/amilempresa\/wp-content\/uploads\/2025\/10\/amil-black-ckeckup.jpg\" alt=\"Amil Black Check-up\" class=\"wp-image-532\" style=\"border-top-left-radius:20px;border-top-right-radius:20px;border-bottom-left-radius:20px;border-bottom-right-radius:20px\" srcset=\"https:\/\/planosdesaudeamil.com.br\/amilempresa\/wp-content\/uploads\/2025\/10\/amil-black-ckeckup.jpg 460w, https:\/\/planosdesaudeamil.com.br\/amilempresa\/wp-content\/uploads\/2025\/10\/amil-black-ckeckup-263x300.jpg 263w\" sizes=\"auto, (max-width: 460px) 100vw, 460px\" \/><\/figure>\n\n\n\n<h3 class=\"wp-block-heading has-text-align-center\">1. Amil Black Check-up<\/h3>\n\n\n\n<p>A preven\u00e7\u00e3o \u00e9 essencial! Por isso, o produto Amil Black IIoferece cobertura para check-up anualmente, garantindo comodidade e uma rotina mais saud\u00e1vel, em prestadores credenciados nas principais cidades do Brasil.<\/p>\n\n\n\n<p>Diferenciais:<\/p>\n\n\n\n<ul class=\"wp-block-list\">\n<li>Acesso a um check-up por ano (titular e dependente)<\/li>\n\n\n\n<li>Dispon\u00edvel para benefici\u00e1rios a partir de 18 anos<\/li>\n\n\n\n<li>Agendamento via Central de Atendimento Exclusiva\/Concierge<\/li>\n\n\n\n<li>Atendimento dispon\u00edvel exclusivamente na rede credenciada<\/li>\n<\/ul>\n\n\n\n<figure class=\"wp-block-image aligncenter size-full has-custom-border\"><img loading=\"lazy\" decoding=\"async\" width=\"460\" height=\"524\" src=\"http:\/\/planosdesaudeamil.com.br\/amilempresa\/wp-content\/uploads\/2025\/10\/amil-black-concierge.jpg\" alt=\"Amil Black Concierge\" class=\"wp-image-533\" style=\"border-top-left-radius:20px;border-top-right-radius:20px;border-bottom-left-radius:20px;border-bottom-right-radius:20px\" srcset=\"https:\/\/planosdesaudeamil.com.br\/amilempresa\/wp-content\/uploads\/2025\/10\/amil-black-concierge.jpg 460w, https:\/\/planosdesaudeamil.com.br\/amilempresa\/wp-content\/uploads\/2025\/10\/amil-black-concierge-263x300.jpg 263w\" sizes=\"auto, (max-width: 460px) 100vw, 460px\" \/><\/figure>\n\n\n\n<h3 class=\"wp-block-heading has-text-align-center\">2. Amil Black Concierge<\/h3>\n\n\n\n<p>Equipe de concierges dedicada e pronta para cuidar de tudo o que seu cliente precisa, onde quer que ele esteja. Ou seja, tudo para fazer com que seus clientes tenham a melhor experi\u00eancia e o melhor cuidado do mundo.<\/p>\n\n\n\n<ul class=\"wp-block-list\">\n<li>Agendamento de consultas e exames, otimizando o tempo e buscando as melhores op\u00e7\u00f5es<\/li>\n\n\n\n<li>Indica\u00e7\u00e3o dos melhores m\u00e9dicos e laborat\u00f3rios da rede Black, colocando as maiores refer\u00eancias da medicina na jornada de cuidado do seu cliente<\/li>\n\n\n\n<li>Solicita\u00e7\u00e3o e acompanhamento de reembolso, garantindo mais agilidade em todo o processo<\/li>\n\n\n\n<li>Interven\u00e7\u00e3o para facilita\u00e7\u00e3o de atendimento m\u00e9dico, quando necess\u00e1rio<\/li>\n<\/ul>\n\n\n\n<figure class=\"wp-block-image aligncenter size-full has-custom-border\"><img loading=\"lazy\" decoding=\"async\" width=\"460\" height=\"524\" src=\"http:\/\/planosdesaudeamil.com.br\/amilempresa\/wp-content\/uploads\/2025\/10\/amil-black-consulta-domicil.jpg\" alt=\"Amil Black Consulta Domiciliar\" class=\"wp-image-534\" style=\"border-top-left-radius:20px;border-top-right-radius:20px;border-bottom-left-radius:20px;border-bottom-right-radius:20px\" srcset=\"https:\/\/planosdesaudeamil.com.br\/amilempresa\/wp-content\/uploads\/2025\/10\/amil-black-consulta-domicil.jpg 460w, https:\/\/planosdesaudeamil.com.br\/amilempresa\/wp-content\/uploads\/2025\/10\/amil-black-consulta-domicil-263x300.jpg 263w\" sizes=\"auto, (max-width: 460px) 100vw, 460px\" \/><\/figure>\n\n\n\n<h3 class=\"wp-block-heading has-text-align-center\">3. Amil Black Consulta Domiciliar<\/h3>\n\n\n\n<p>Cuidar da sua sa\u00fade com tranquilidade, conforto e aten\u00e7\u00e3o personalizada. A Consulta M\u00e9dica Domiciliar foi pensada para levar um atendimento de alto padr\u00e3o para o seu cliente, no ambiente acolhedor da sua casa.<\/p>\n\n\n\n<p>Bem como, a consulta domiciliar est\u00e1 dispon\u00edvel na cidade de S\u00e3o Paulo e nas especialidades de Cl\u00ednica M\u00e9dica e Pediatria, mediante agendamento pr\u00e9vio e com previs\u00e3o de consulta em at\u00e9 12 horas \u00fateis ap\u00f3s o primeiro contato.<\/p>\n\n\n\n<figure class=\"wp-block-image aligncenter size-full has-custom-border\"><img loading=\"lazy\" decoding=\"async\" width=\"460\" height=\"524\" src=\"http:\/\/planosdesaudeamil.com.br\/amilempresa\/wp-content\/uploads\/2025\/10\/amil-black-dental.jpg\" alt=\"Amil Black Dental\" class=\"wp-image-535\" style=\"border-top-left-radius:20px;border-top-right-radius:20px;border-bottom-left-radius:20px;border-bottom-right-radius:20px\" srcset=\"https:\/\/planosdesaudeamil.com.br\/amilempresa\/wp-content\/uploads\/2025\/10\/amil-black-dental.jpg 460w, https:\/\/planosdesaudeamil.com.br\/amilempresa\/wp-content\/uploads\/2025\/10\/amil-black-dental-263x300.jpg 263w\" sizes=\"auto, (max-width: 460px) 100vw, 460px\" \/><\/figure>\n\n\n\n<h3 class=\"wp-block-heading has-text-align-center\">4. Amil Black Dental<\/h3>\n\n\n\n<p>\u00c9 o Plano Odontol\u00f3gico Premium, que oferece al\u00e9m das coberturas essenciais, tratamento de reposi\u00e7\u00e3o de dentes como Pr\u00f3teses em Cer\u00e2mica, Implante, Tratamento Ortod\u00f4ntico, incluindo Instala\u00e7\u00e3o e Manuten\u00e7\u00e3o de Aparelhos, al\u00e9m do Clareamento Convencional (gel + moldeira) e a Laser.<\/p>\n\n\n\n<ul class=\"wp-block-list\">\n<li>Inclu\u00eddo, sem custo adicional, no produto Black II<\/li>\n\n\n\n<li>Benef\u00edcio atrelado ao produto m\u00e9dico, permanecendo ativo durante todo seu per\u00edodo de vig\u00eancia<\/li>\n\n\n\n<li>Reembolso em at\u00e9 24 horas \u00fateis, por meio do App Amil Clientes<\/li>\n\n\n\n<li>Rede credenciada com cl\u00ednicas de padr\u00e3o diferenciado<\/li>\n\n\n\n<li>Condi\u00e7\u00e3o Especial para contrata\u00e7\u00e3o do tratamento Invisalign<\/li>\n<\/ul>\n\n\n\n<figure class=\"wp-block-image aligncenter size-full has-custom-border\"><img loading=\"lazy\" decoding=\"async\" width=\"460\" height=\"524\" src=\"http:\/\/planosdesaudeamil.com.br\/amilempresa\/wp-content\/uploads\/2025\/10\/amil-black-internacional.jpg\" alt=\"Amil Black Internacional\" class=\"wp-image-536\" style=\"border-top-left-radius:20px;border-top-right-radius:20px;border-bottom-left-radius:20px;border-bottom-right-radius:20px\" srcset=\"https:\/\/planosdesaudeamil.com.br\/amilempresa\/wp-content\/uploads\/2025\/10\/amil-black-internacional.jpg 460w, https:\/\/planosdesaudeamil.com.br\/amilempresa\/wp-content\/uploads\/2025\/10\/amil-black-internacional-263x300.jpg 263w\" sizes=\"auto, (max-width: 460px) 100vw, 460px\" \/><\/figure>\n\n\n\n<h3 class=\"wp-block-heading has-text-align-center\">5. Amil Black Internacional<\/h3>\n\n\n\n<p>Assist\u00eancia Viagem Internacional: Para viajar com tranquilidade, o cliente Amil Black tem acesso ao servi\u00e7o de Assist\u00eancia Viagem internacional, com as melhores coberturas para urg\u00eancia e emerg\u00eancia m\u00e9dica.<\/p>\n\n\n\n<p>Bem como, voc\u00ea conta com limites de US$ 300 mil para atendimento de urg\u00eancia e emerg\u00eancia, e US$ 100 mil para pr\u00e1ticas esportivas.<\/p>\n\n\n\n<figure class=\"wp-block-image aligncenter size-full has-custom-border\"><img loading=\"lazy\" decoding=\"async\" width=\"460\" height=\"524\" src=\"http:\/\/planosdesaudeamil.com.br\/amilempresa\/wp-content\/uploads\/2025\/10\/amil-black-resgate.jpg\" alt=\"Amil Black Resgate\" class=\"wp-image-537\" style=\"border-top-left-radius:20px;border-top-right-radius:20px;border-bottom-left-radius:20px;border-bottom-right-radius:20px\" srcset=\"https:\/\/planosdesaudeamil.com.br\/amilempresa\/wp-content\/uploads\/2025\/10\/amil-black-resgate.jpg 460w, https:\/\/planosdesaudeamil.com.br\/amilempresa\/wp-content\/uploads\/2025\/10\/amil-black-resgate-263x300.jpg 263w\" sizes=\"auto, (max-width: 460px) 100vw, 460px\" \/><\/figure>\n\n\n\n<h3 class=\"wp-block-heading has-text-align-center\">6. Amil Black Resgate<\/h3>\n\n\n\n<p>Pioneiro no Brasil, o Amil Resgate \u00e9 refer\u00eancia internacional em TRANSPORTE INTER-HOSPITALAR (a\u00e9reo e terrestre), al\u00e9m de ser um \u00edcone da Amil, reconhecido por onde passa, desde a d\u00e9cada de 90.<\/p>\n\n\n\n<p>O servi\u00e7o de transporte do Amil Resgate conta com UTIs m\u00f3veis, e pode ser realizado por via a\u00e9rea ou terrestre, conforme avalia\u00e7\u00e3o individual de cada solicita\u00e7\u00e3o e de acordo com os crit\u00e9rios t\u00e9cnicos e operacionais do fornecedor respons\u00e1vel. Assim, a modalidade de transporte ser\u00e1 definida com base na necessidade cl\u00ednica do benefici\u00e1rio, na localiza\u00e7\u00e3o e na disponibilidade do servi\u00e7o.<\/p>\n\n\n\n<figure class=\"wp-block-image aligncenter size-full has-custom-border\"><img loading=\"lazy\" decoding=\"async\" width=\"460\" height=\"524\" src=\"http:\/\/planosdesaudeamil.com.br\/amilempresa\/wp-content\/uploads\/2025\/10\/amil-black-vacinas.jpg\" alt=\"Amil Black Vacinas\" class=\"wp-image-538\" style=\"border-top-left-radius:20px;border-top-right-radius:20px;border-bottom-left-radius:20px;border-bottom-right-radius:20px\" srcset=\"https:\/\/planosdesaudeamil.com.br\/amilempresa\/wp-content\/uploads\/2025\/10\/amil-black-vacinas.jpg 460w, https:\/\/planosdesaudeamil.com.br\/amilempresa\/wp-content\/uploads\/2025\/10\/amil-black-vacinas-263x300.jpg 263w\" sizes=\"auto, (max-width: 460px) 100vw, 460px\" \/><\/figure>\n\n\n\n<h3 class=\"wp-block-heading has-text-align-center\">7. Amil Black Vacinas<\/h3>\n\n\n\n<p>Todos os planos Amil Black oferecem uma ampla cobertura para vacinas e vacinas do viajante (imuniza\u00e7\u00f5es recomendadas ou exigidas dependendo do destino), atrav\u00e9s da rede credenciada ou de reembolso.<\/p>\n\n\n\n<figure class=\"wp-block-image size-full has-custom-border\"><img loading=\"lazy\" decoding=\"async\" width=\"740\" height=\"510\" src=\"http:\/\/planosdesaudeamil.com.br\/amilempresa\/wp-content\/uploads\/2025\/10\/vacinas.jpg\" alt=\"Vacinas\" class=\"wp-image-539\" style=\"border-top-left-radius:20px;border-top-right-radius:20px;border-bottom-left-radius:20px;border-bottom-right-radius:20px\" srcset=\"https:\/\/planosdesaudeamil.com.br\/amilempresa\/wp-content\/uploads\/2025\/10\/vacinas.jpg 740w, https:\/\/planosdesaudeamil.com.br\/amilempresa\/wp-content\/uploads\/2025\/10\/vacinas-300x207.jpg 300w\" sizes=\"auto, (max-width: 740px) 100vw, 740px\" \/><\/figure>\n\n\n\n<figure class=\"wp-block-image aligncenter size-full has-custom-border\"><img loading=\"lazy\" decoding=\"async\" width=\"460\" height=\"524\" src=\"http:\/\/planosdesaudeamil.com.br\/amilempresa\/wp-content\/uploads\/2025\/10\/rede-amil-black.jpg\" alt=\"Rede Amil Black\" class=\"wp-image-540\" style=\"border-top-left-radius:20px;border-top-right-radius:20px;border-bottom-left-radius:20px;border-bottom-right-radius:20px\" srcset=\"https:\/\/planosdesaudeamil.com.br\/amilempresa\/wp-content\/uploads\/2025\/10\/rede-amil-black.jpg 460w, https:\/\/planosdesaudeamil.com.br\/amilempresa\/wp-content\/uploads\/2025\/10\/rede-amil-black-263x300.jpg 263w\" sizes=\"auto, (max-width: 460px) 100vw, 460px\" \/><\/figure>\n\n\n\n<h3 class=\"wp-block-heading has-text-align-center\">8. Rede Amil Black<\/h3>\n\n\n\n<p>A Rede M\u00e9dicos Black foi pensada para superar as mais altas expectativas. Nela, os clientes Amil Black II t\u00eam acesso exclusivo aos m\u00e9dicos mais renomados, que atuam nos principais hospitais do pais. Por exemplo, confira alguns m\u00e9dicos renomados credenciados:<\/p>\n\n\n\n<figure class=\"wp-block-image aligncenter size-full has-custom-border\"><img loading=\"lazy\" decoding=\"async\" width=\"740\" height=\"513\" src=\"http:\/\/planosdesaudeamil.com.br\/amilempresa\/wp-content\/uploads\/2025\/10\/rede.jpg\" alt=\"Rede M\u00e9dica\" class=\"wp-image-541\" style=\"border-top-left-radius:20px;border-top-right-radius:20px;border-bottom-left-radius:20px;border-bottom-right-radius:20px\" srcset=\"https:\/\/planosdesaudeamil.com.br\/amilempresa\/wp-content\/uploads\/2025\/10\/rede.jpg 740w, https:\/\/planosdesaudeamil.com.br\/amilempresa\/wp-content\/uploads\/2025\/10\/rede-300x208.jpg 300w\" sizes=\"auto, (max-width: 740px) 100vw, 740px\" \/><\/figure>\n","protected":false},"excerpt":{"rendered":"<p>Para sua empresa que busca pelo plano de sa\u00fade Amil Black, conhe\u00e7a as linhas e [&hellip;]<\/p>\n","protected":false},"author":1,"featured_media":530,"comment_status":"open","ping_status":"open","sticky":false,"template":"","format":"standard","meta":{"footnotes":""},"categories":[6],"tags":[],"class_list":["post-93","post","type-post","status-publish","format-standard","has-post-thumbnail","hentry","category-amil-empresa"],"yoast_head":"<!-- This site is optimized with the Yoast SEO plugin v26.0 - https:\/\/yoast.com\/wordpress\/plugins\/seo\/ -->\n<title>Amil Black, planos Amil Black, Amil Black empresa<\/title>\n<meta name=\"description\" content=\"Amil Black \u00e9 um plano de sa\u00fade feito para pessoas exigentes. Planos Amil Black empresas com m\u00e9dicos renomados e hospitais de ponta. Conhe\u00e7a!\" \/>\n<meta name=\"robots\" content=\"index, follow, max-snippet:-1, max-image-preview:large, max-video-preview:-1\" \/>\n<link rel=\"canonical\" href=\"https:\/\/planosdesaudeamil.com.br\/amilempresa\/amil-black\/\" \/>\n<meta property=\"og:locale\" content=\"pt_BR\" \/>\n<meta property=\"og:type\" content=\"article\" \/>\n<meta property=\"og:title\" content=\"Amil Black, planos Amil Black, Amil Black empresa\" \/>\n<meta property=\"og:description\" content=\"Amil Black \u00e9 um plano de sa\u00fade feito para pessoas exigentes. Planos Amil Black empresas com m\u00e9dicos renomados e hospitais de ponta. Conhe\u00e7a!\" \/>\n<meta property=\"og:url\" content=\"https:\/\/planosdesaudeamil.com.br\/amilempresa\/amil-black\/\" \/>\n<meta property=\"og:site_name\" content=\"AMIL EMPRESA\" \/>\n<meta property=\"article:published_time\" content=\"2025-10-02T18:32:46+00:00\" \/>\n<meta property=\"article:modified_time\" content=\"2026-04-09T23:08:42+00:00\" \/>\n<meta property=\"og:image\" content=\"http:\/\/planosdesaudeamil.com.br\/amilempresa\/wp-content\/uploads\/2025\/10\/amil-black-empresa.jpg\" \/>\n\t<meta property=\"og:image:width\" content=\"927\" \/>\n\t<meta property=\"og:image:height\" content=\"806\" \/>\n\t<meta property=\"og:image:type\" content=\"image\/jpeg\" \/>\n<meta name=\"author\" content=\"planosdesaudeamil\" \/>\n<meta name=\"twitter:card\" content=\"summary_large_image\" \/>\n<meta name=\"twitter:label1\" content=\"Escrito por\" \/>\n\t<meta name=\"twitter:data1\" content=\"planosdesaudeamil\" \/>\n\t<meta name=\"twitter:label2\" content=\"Est. tempo de leitura\" \/>\n\t<meta name=\"twitter:data2\" content=\"16 minutos\" \/>\n<script type=\"application\/ld+json\" class=\"yoast-schema-graph\">{\"@context\":\"https:\/\/schema.org\",\"@graph\":[{\"@type\":\"Article\",\"@id\":\"https:\/\/planosdesaudeamil.com.br\/amilempresa\/amil-black\/#article\",\"isPartOf\":{\"@id\":\"https:\/\/planosdesaudeamil.com.br\/amilempresa\/amil-black\/\"},\"author\":{\"name\":\"planosdesaudeamil\",\"@id\":\"https:\/\/planosdesaudeamil.com.br\/amilempresa\/#\/schema\/person\/3fc548a2d874c328fc3ed921ac47e56e\"},\"headline\":\"Amil Black, planos Amil Black, Amil Black empresa\",\"datePublished\":\"2025-10-02T18:32:46+00:00\",\"dateModified\":\"2026-04-09T23:08:42+00:00\",\"mainEntityOfPage\":{\"@id\":\"https:\/\/planosdesaudeamil.com.br\/amilempresa\/amil-black\/\"},\"wordCount\":2664,\"commentCount\":0,\"publisher\":{\"@id\":\"https:\/\/planosdesaudeamil.com.br\/amilempresa\/#organization\"},\"image\":{\"@id\":\"https:\/\/planosdesaudeamil.com.br\/amilempresa\/amil-black\/#primaryimage\"},\"thumbnailUrl\":\"https:\/\/planosdesaudeamil.com.br\/amilempresa\/wp-content\/uploads\/2025\/10\/amil-black-empresa.jpg\",\"articleSection\":[\"Amil empresa\"],\"inLanguage\":\"pt-BR\",\"potentialAction\":[{\"@type\":\"CommentAction\",\"name\":\"Comment\",\"target\":[\"https:\/\/planosdesaudeamil.com.br\/amilempresa\/amil-black\/#respond\"]}]},{\"@type\":\"WebPage\",\"@id\":\"https:\/\/planosdesaudeamil.com.br\/amilempresa\/amil-black\/\",\"url\":\"https:\/\/planosdesaudeamil.com.br\/amilempresa\/amil-black\/\",\"name\":\"Amil Black, planos Amil Black, Amil Black empresa\",\"isPartOf\":{\"@id\":\"https:\/\/planosdesaudeamil.com.br\/amilempresa\/#website\"},\"primaryImageOfPage\":{\"@id\":\"https:\/\/planosdesaudeamil.com.br\/amilempresa\/amil-black\/#primaryimage\"},\"image\":{\"@id\":\"https:\/\/planosdesaudeamil.com.br\/amilempresa\/amil-black\/#primaryimage\"},\"thumbnailUrl\":\"https:\/\/planosdesaudeamil.com.br\/amilempresa\/wp-content\/uploads\/2025\/10\/amil-black-empresa.jpg\",\"datePublished\":\"2025-10-02T18:32:46+00:00\",\"dateModified\":\"2026-04-09T23:08:42+00:00\",\"description\":\"Amil Black \u00e9 um plano de sa\u00fade feito para pessoas exigentes. Planos Amil Black empresas com m\u00e9dicos renomados e hospitais de ponta. Conhe\u00e7a!\",\"breadcrumb\":{\"@id\":\"https:\/\/planosdesaudeamil.com.br\/amilempresa\/amil-black\/#breadcrumb\"},\"inLanguage\":\"pt-BR\",\"potentialAction\":[{\"@type\":\"ReadAction\",\"target\":[\"https:\/\/planosdesaudeamil.com.br\/amilempresa\/amil-black\/\"]}]},{\"@type\":\"ImageObject\",\"inLanguage\":\"pt-BR\",\"@id\":\"https:\/\/planosdesaudeamil.com.br\/amilempresa\/amil-black\/#primaryimage\",\"url\":\"https:\/\/planosdesaudeamil.com.br\/amilempresa\/wp-content\/uploads\/2025\/10\/amil-black-empresa.jpg\",\"contentUrl\":\"https:\/\/planosdesaudeamil.com.br\/amilempresa\/wp-content\/uploads\/2025\/10\/amil-black-empresa.jpg\",\"width\":927,\"height\":806},{\"@type\":\"BreadcrumbList\",\"@id\":\"https:\/\/planosdesaudeamil.com.br\/amilempresa\/amil-black\/#breadcrumb\",\"itemListElement\":[{\"@type\":\"ListItem\",\"position\":1,\"name\":\"Home\",\"item\":\"https:\/\/planosdesaudeamil.com.br\/amilempresa\/\"},{\"@type\":\"ListItem\",\"position\":2,\"name\":\"Amil Black, planos Amil Black, Amil Black empresa\"}]},{\"@type\":\"WebSite\",\"@id\":\"https:\/\/planosdesaudeamil.com.br\/amilempresa\/#website\",\"url\":\"https:\/\/planosdesaudeamil.com.br\/amilempresa\/\",\"name\":\"AMIL EMPRESA\",\"description\":\"Conhe\u00e7a os planos de sa\u00fade Amil empresarial\",\"publisher\":{\"@id\":\"https:\/\/planosdesaudeamil.com.br\/amilempresa\/#organization\"},\"potentialAction\":[{\"@type\":\"SearchAction\",\"target\":{\"@type\":\"EntryPoint\",\"urlTemplate\":\"https:\/\/planosdesaudeamil.com.br\/amilempresa\/?s={search_term_string}\"},\"query-input\":{\"@type\":\"PropertyValueSpecification\",\"valueRequired\":true,\"valueName\":\"search_term_string\"}}],\"inLanguage\":\"pt-BR\"},{\"@type\":\"Organization\",\"@id\":\"https:\/\/planosdesaudeamil.com.br\/amilempresa\/#organization\",\"name\":\"AMIL EMPRESA\",\"url\":\"https:\/\/planosdesaudeamil.com.br\/amilempresa\/\",\"logo\":{\"@type\":\"ImageObject\",\"inLanguage\":\"pt-BR\",\"@id\":\"https:\/\/planosdesaudeamil.com.br\/amilempresa\/#\/schema\/logo\/image\/\",\"url\":\"https:\/\/planosdesaudeamil.com.br\/amilempresa\/wp-content\/uploads\/2025\/10\/logo-amil.jpg\",\"contentUrl\":\"https:\/\/planosdesaudeamil.com.br\/amilempresa\/wp-content\/uploads\/2025\/10\/logo-amil.jpg\",\"width\":471,\"height\":115,\"caption\":\"AMIL EMPRESA\"},\"image\":{\"@id\":\"https:\/\/planosdesaudeamil.com.br\/amilempresa\/#\/schema\/logo\/image\/\"}},{\"@type\":\"Person\",\"@id\":\"https:\/\/planosdesaudeamil.com.br\/amilempresa\/#\/schema\/person\/3fc548a2d874c328fc3ed921ac47e56e\",\"name\":\"planosdesaudeamil\",\"image\":{\"@type\":\"ImageObject\",\"inLanguage\":\"pt-BR\",\"@id\":\"https:\/\/planosdesaudeamil.com.br\/amilempresa\/#\/schema\/person\/image\/\",\"url\":\"https:\/\/secure.gravatar.com\/avatar\/7acdf4dd93d65d3ff07b554ff9af88f71a615ee75978c2b62fa15b7732ddd01c?s=96&d=mm&r=g\",\"contentUrl\":\"https:\/\/secure.gravatar.com\/avatar\/7acdf4dd93d65d3ff07b554ff9af88f71a615ee75978c2b62fa15b7732ddd01c?s=96&d=mm&r=g\",\"caption\":\"planosdesaudeamil\"},\"sameAs\":[\"https:\/\/planosdesaudeamil.com.br\/amilempresa\"],\"url\":\"https:\/\/planosdesaudeamil.com.br\/amilempresa\/author\/planosdesaudeamil\/\"}]}<\/script>\n<!-- \/ Yoast SEO plugin. -->","yoast_head_json":{"title":"Amil Black, planos Amil Black, Amil Black empresa","description":"Amil Black \u00e9 um plano de sa\u00fade feito para pessoas exigentes. Planos Amil Black empresas com m\u00e9dicos renomados e hospitais de ponta. Conhe\u00e7a!","robots":{"index":"index","follow":"follow","max-snippet":"max-snippet:-1","max-image-preview":"max-image-preview:large","max-video-preview":"max-video-preview:-1"},"canonical":"https:\/\/planosdesaudeamil.com.br\/amilempresa\/amil-black\/","og_locale":"pt_BR","og_type":"article","og_title":"Amil Black, planos Amil Black, Amil Black empresa","og_description":"Amil Black \u00e9 um plano de sa\u00fade feito para pessoas exigentes. Planos Amil Black empresas com m\u00e9dicos renomados e hospitais de ponta. Conhe\u00e7a!","og_url":"https:\/\/planosdesaudeamil.com.br\/amilempresa\/amil-black\/","og_site_name":"AMIL EMPRESA","article_published_time":"2025-10-02T18:32:46+00:00","article_modified_time":"2026-04-09T23:08:42+00:00","og_image":[{"width":927,"height":806,"url":"http:\/\/planosdesaudeamil.com.br\/amilempresa\/wp-content\/uploads\/2025\/10\/amil-black-empresa.jpg","type":"image\/jpeg"}],"author":"planosdesaudeamil","twitter_card":"summary_large_image","twitter_misc":{"Escrito por":"planosdesaudeamil","Est. tempo de leitura":"16 minutos"},"schema":{"@context":"https:\/\/schema.org","@graph":[{"@type":"Article","@id":"https:\/\/planosdesaudeamil.com.br\/amilempresa\/amil-black\/#article","isPartOf":{"@id":"https:\/\/planosdesaudeamil.com.br\/amilempresa\/amil-black\/"},"author":{"name":"planosdesaudeamil","@id":"https:\/\/planosdesaudeamil.com.br\/amilempresa\/#\/schema\/person\/3fc548a2d874c328fc3ed921ac47e56e"},"headline":"Amil Black, planos Amil Black, Amil Black empresa","datePublished":"2025-10-02T18:32:46+00:00","dateModified":"2026-04-09T23:08:42+00:00","mainEntityOfPage":{"@id":"https:\/\/planosdesaudeamil.com.br\/amilempresa\/amil-black\/"},"wordCount":2664,"commentCount":0,"publisher":{"@id":"https:\/\/planosdesaudeamil.com.br\/amilempresa\/#organization"},"image":{"@id":"https:\/\/planosdesaudeamil.com.br\/amilempresa\/amil-black\/#primaryimage"},"thumbnailUrl":"https:\/\/planosdesaudeamil.com.br\/amilempresa\/wp-content\/uploads\/2025\/10\/amil-black-empresa.jpg","articleSection":["Amil empresa"],"inLanguage":"pt-BR","potentialAction":[{"@type":"CommentAction","name":"Comment","target":["https:\/\/planosdesaudeamil.com.br\/amilempresa\/amil-black\/#respond"]}]},{"@type":"WebPage","@id":"https:\/\/planosdesaudeamil.com.br\/amilempresa\/amil-black\/","url":"https:\/\/planosdesaudeamil.com.br\/amilempresa\/amil-black\/","name":"Amil Black, planos Amil Black, Amil Black empresa","isPartOf":{"@id":"https:\/\/planosdesaudeamil.com.br\/amilempresa\/#website"},"primaryImageOfPage":{"@id":"https:\/\/planosdesaudeamil.com.br\/amilempresa\/amil-black\/#primaryimage"},"image":{"@id":"https:\/\/planosdesaudeamil.com.br\/amilempresa\/amil-black\/#primaryimage"},"thumbnailUrl":"https:\/\/planosdesaudeamil.com.br\/amilempresa\/wp-content\/uploads\/2025\/10\/amil-black-empresa.jpg","datePublished":"2025-10-02T18:32:46+00:00","dateModified":"2026-04-09T23:08:42+00:00","description":"Amil Black \u00e9 um plano de sa\u00fade feito para pessoas exigentes. Planos Amil Black empresas com m\u00e9dicos renomados e hospitais de ponta. Conhe\u00e7a!","breadcrumb":{"@id":"https:\/\/planosdesaudeamil.com.br\/amilempresa\/amil-black\/#breadcrumb"},"inLanguage":"pt-BR","potentialAction":[{"@type":"ReadAction","target":["https:\/\/planosdesaudeamil.com.br\/amilempresa\/amil-black\/"]}]},{"@type":"ImageObject","inLanguage":"pt-BR","@id":"https:\/\/planosdesaudeamil.com.br\/amilempresa\/amil-black\/#primaryimage","url":"https:\/\/planosdesaudeamil.com.br\/amilempresa\/wp-content\/uploads\/2025\/10\/amil-black-empresa.jpg","contentUrl":"https:\/\/planosdesaudeamil.com.br\/amilempresa\/wp-content\/uploads\/2025\/10\/amil-black-empresa.jpg","width":927,"height":806},{"@type":"BreadcrumbList","@id":"https:\/\/planosdesaudeamil.com.br\/amilempresa\/amil-black\/#breadcrumb","itemListElement":[{"@type":"ListItem","position":1,"name":"Home","item":"https:\/\/planosdesaudeamil.com.br\/amilempresa\/"},{"@type":"ListItem","position":2,"name":"Amil Black, planos Amil Black, Amil Black empresa"}]},{"@type":"WebSite","@id":"https:\/\/planosdesaudeamil.com.br\/amilempresa\/#website","url":"https:\/\/planosdesaudeamil.com.br\/amilempresa\/","name":"AMIL EMPRESA","description":"Conhe\u00e7a os planos de sa\u00fade Amil empresarial","publisher":{"@id":"https:\/\/planosdesaudeamil.com.br\/amilempresa\/#organization"},"potentialAction":[{"@type":"SearchAction","target":{"@type":"EntryPoint","urlTemplate":"https:\/\/planosdesaudeamil.com.br\/amilempresa\/?s={search_term_string}"},"query-input":{"@type":"PropertyValueSpecification","valueRequired":true,"valueName":"search_term_string"}}],"inLanguage":"pt-BR"},{"@type":"Organization","@id":"https:\/\/planosdesaudeamil.com.br\/amilempresa\/#organization","name":"AMIL EMPRESA","url":"https:\/\/planosdesaudeamil.com.br\/amilempresa\/","logo":{"@type":"ImageObject","inLanguage":"pt-BR","@id":"https:\/\/planosdesaudeamil.com.br\/amilempresa\/#\/schema\/logo\/image\/","url":"https:\/\/planosdesaudeamil.com.br\/amilempresa\/wp-content\/uploads\/2025\/10\/logo-amil.jpg","contentUrl":"https:\/\/planosdesaudeamil.com.br\/amilempresa\/wp-content\/uploads\/2025\/10\/logo-amil.jpg","width":471,"height":115,"caption":"AMIL EMPRESA"},"image":{"@id":"https:\/\/planosdesaudeamil.com.br\/amilempresa\/#\/schema\/logo\/image\/"}},{"@type":"Person","@id":"https:\/\/planosdesaudeamil.com.br\/amilempresa\/#\/schema\/person\/3fc548a2d874c328fc3ed921ac47e56e","name":"planosdesaudeamil","image":{"@type":"ImageObject","inLanguage":"pt-BR","@id":"https:\/\/planosdesaudeamil.com.br\/amilempresa\/#\/schema\/person\/image\/","url":"https:\/\/secure.gravatar.com\/avatar\/7acdf4dd93d65d3ff07b554ff9af88f71a615ee75978c2b62fa15b7732ddd01c?s=96&d=mm&r=g","contentUrl":"https:\/\/secure.gravatar.com\/avatar\/7acdf4dd93d65d3ff07b554ff9af88f71a615ee75978c2b62fa15b7732ddd01c?s=96&d=mm&r=g","caption":"planosdesaudeamil"},"sameAs":["https:\/\/planosdesaudeamil.com.br\/amilempresa"],"url":"https:\/\/planosdesaudeamil.com.br\/amilempresa\/author\/planosdesaudeamil\/"}]}},"_links":{"self":[{"href":"https:\/\/planosdesaudeamil.com.br\/amilempresa\/wp-json\/wp\/v2\/posts\/93","targetHints":{"allow":["GET"]}}],"collection":[{"href":"https:\/\/planosdesaudeamil.com.br\/amilempresa\/wp-json\/wp\/v2\/posts"}],"about":[{"href":"https:\/\/planosdesaudeamil.com.br\/amilempresa\/wp-json\/wp\/v2\/types\/post"}],"author":[{"embeddable":true,"href":"https:\/\/planosdesaudeamil.com.br\/amilempresa\/wp-json\/wp\/v2\/users\/1"}],"replies":[{"embeddable":true,"href":"https:\/\/planosdesaudeamil.com.br\/amilempresa\/wp-json\/wp\/v2\/comments?post=93"}],"version-history":[{"count":17,"href":"https:\/\/planosdesaudeamil.com.br\/amilempresa\/wp-json\/wp\/v2\/posts\/93\/revisions"}],"predecessor-version":[{"id":558,"href":"https:\/\/planosdesaudeamil.com.br\/amilempresa\/wp-json\/wp\/v2\/posts\/93\/revisions\/558"}],"wp:featuredmedia":[{"embeddable":true,"href":"https:\/\/planosdesaudeamil.com.br\/amilempresa\/wp-json\/wp\/v2\/media\/530"}],"wp:attachment":[{"href":"https:\/\/planosdesaudeamil.com.br\/amilempresa\/wp-json\/wp\/v2\/media?parent=93"}],"wp:term":[{"taxonomy":"category","embeddable":true,"href":"https:\/\/planosdesaudeamil.com.br\/amilempresa\/wp-json\/wp\/v2\/categories?post=93"},{"taxonomy":"post_tag","embeddable":true,"href":"https:\/\/planosdesaudeamil.com.br\/amilempresa\/wp-json\/wp\/v2\/tags?post=93"}],"curies":[{"name":"wp","href":"https:\/\/api.w.org\/{rel}","templated":true}]}}