{"id":63,"date":"2025-10-02T08:22:42","date_gmt":"2025-10-02T11:22:42","guid":{"rendered":"https:\/\/planosdesaudeamil.com.br\/amilempresa\/?p=63"},"modified":"2025-10-06T17:30:33","modified_gmt":"2025-10-06T20:30:33","slug":"amil-empresa-campinas","status":"publish","type":"post","link":"https:\/\/planosdesaudeamil.com.br\/amilempresa\/amil-empresa-campinas\/","title":{"rendered":"Amil empresa Campinas, contrate a Amil empresarial em Campinas"},"content":{"rendered":"\n<p>Para sua empresa que busca pelo plano de sa\u00fade <strong>Amil empresa Campinas<\/strong>, conhe\u00e7a as linhas e benef\u00edcios da operadora.<\/p>\n\n\n\n<p>Em Campinas, o crescimento da demanda por planos de sa\u00fade empresariais da Amil tem sido expressivo, acompanhando o ritmo de desenvolvimento econ\u00f4mico da cidade. Empresas de todos os tamanhos est\u00e3o buscando alternativas de sa\u00fade que ofere\u00e7am seguran\u00e7a, qualidade e bom custo-benef\u00edcio, e a Amil tem se destacado como uma das op\u00e7\u00f5es mais completas. A operadora conta com uma ampla rede credenciada na cidade e atendimento diferenciado.<\/p>\n\n\n\n<p>Os planos empresariais da <strong>Amil em Campinas<\/strong> s\u00e3o ideais para quem busca estabilidade e bons servi\u00e7os m\u00e9dicos para os colaboradores. A boa aceita\u00e7\u00e3o junto a cl\u00ednicas, laborat\u00f3rios e hospitais da regi\u00e3o fortalece a confian\u00e7a na marca. Al\u00e9m disso, a flexibilidade das linhas permite montar um plano sob medida, ajustando o custo ao porte e \u00e0s necessidades da empresa, sem abrir m\u00e3o de qualidade.<\/p>\n\n\n\n<p>Se voc\u00ea \u00e9 empres\u00e1rio em Campinas ou atua no setor de RH, \u00e9 hora de considerar os planos da Amil para sua equipe. A reputa\u00e7\u00e3o da operadora cresce a cada dia, com aumento nas vendas e alto \u00edndice de renova\u00e7\u00e3o de contratos. Solicite uma cota\u00e7\u00e3o e veja como a Amil pode ajudar a valorizar sua empresa e cuidar da sa\u00fade de quem faz seu neg\u00f3cio acontecer.<\/p>\n\n\n\n<h2 class=\"wp-block-heading\">Amil empresa Campinas (SIMULE AQUI)<\/h2>\n\n\n\n<figure class=\"wp-block-image size-full\"><a href=\"https:\/\/api.whatsapp.com\/send?phone=5511969670055&amp;text=Simular Amil Empresa\"><img loading=\"lazy\" decoding=\"async\" width=\"1000\" height=\"667\" src=\"http:\/\/planosdesaudeamil.com.br\/amilempresa\/wp-content\/uploads\/2025\/10\/amil-contato.jpg\" alt=\"Amil empresa Campinas\" class=\"wp-image-40\" srcset=\"https:\/\/planosdesaudeamil.com.br\/amilempresa\/wp-content\/uploads\/2025\/10\/amil-contato.jpg 1000w, https:\/\/planosdesaudeamil.com.br\/amilempresa\/wp-content\/uploads\/2025\/10\/amil-contato-300x200.jpg 300w, https:\/\/planosdesaudeamil.com.br\/amilempresa\/wp-content\/uploads\/2025\/10\/amil-contato-768x512.jpg 768w\" sizes=\"auto, (max-width: 1000px) 100vw, 1000px\" \/><\/a><\/figure>\n\n\n\n<p>Preencha o formul\u00e1rio abaixo, e receba em seu e-mail em poucos minutos, as tabelas de pre\u00e7os dos&nbsp;<strong>planos Amil empresarial<\/strong>.<\/p>\n\n\n\n<style id=\"wpforms-css-vars-6\">\n\t\t\t\t#wpforms-6 {\n\t\t\t\t--wpforms-container-padding: 0px;\n--wpforms-container-border-width: 1px;\n--wpforms-container-border-radius: 3px;\n--wpforms-background-color: rgba(0, 0, 0, 0);\n--wpforms-field-size-input-height: 43px;\n--wpforms-field-size-input-spacing: 15px;\n--wpforms-field-size-font-size: 16px;\n--wpforms-field-size-line-height: 19px;\n--wpforms-field-size-padding-h: 14px;\n--wpforms-field-size-checkbox-size: 16px;\n--wpforms-field-size-sublabel-spacing: 5px;\n--wpforms-field-size-icon-size: 1;\n--wpforms-label-size-font-size: 16px;\n--wpforms-label-size-line-height: 19px;\n--wpforms-label-size-sublabel-font-size: 14px;\n--wpforms-label-size-sublabel-line-height: 17px;\n--wpforms-button-size-font-size: 17px;\n--wpforms-button-size-height: 41px;\n--wpforms-button-size-padding-h: 15px;\n--wpforms-button-size-margin-top: 10px;\n--wpforms-container-shadow-size-box-shadow: none;\n\t\t\t}\n\t\t\t<\/style><div class=\"wpforms-container wpforms-container-full wpforms-render-modern\" id=\"wpforms-6\"><form id=\"wpforms-form-6\" class=\"wpforms-validate wpforms-form wpforms-ajax-form\" data-formid=\"6\" method=\"post\" enctype=\"multipart\/form-data\" action=\"\/amilempresa\/wp-json\/wp\/v2\/posts\/63\" data-token=\"bfcb776eefba75728d1f2b36f1f2c3b4\" data-token-time=\"1777303824\"><noscript class=\"wpforms-error-noscript\">Ative o JavaScript no seu navegador para preencher este formul\u00e1rio.<\/noscript><div id=\"wpforms-error-noscript\" style=\"display: none;\">Ative o JavaScript no seu navegador para preencher este formul\u00e1rio.<\/div><div class=\"wpforms-field-container\"><div id=\"wpforms-6-field_4-container\" class=\"wpforms-field wpforms-field-text\" data-field-id=\"4\"><label class=\"wpforms-field-label\" for=\"wpforms-6-field_4\">Nome <span class=\"wpforms-required-label\" aria-hidden=\"true\">*<\/span><\/label><input type=\"text\" id=\"wpforms-6-field_4\" class=\"wpforms-field-medium wpforms-field-required\" name=\"wpforms[fields][4]\" aria-errormessage=\"wpforms-6-field_4-error\" required><\/div><div id=\"wpforms-6-field_5-container\" class=\"wpforms-field wpforms-field-text\" data-field-id=\"5\"><label class=\"wpforms-field-label\" for=\"wpforms-6-field_5\">Cidade e Estado <span class=\"wpforms-required-label\" aria-hidden=\"true\">*<\/span><\/label><input type=\"text\" id=\"wpforms-6-field_5\" class=\"wpforms-field-medium wpforms-field-required\" name=\"wpforms[fields][5]\" aria-errormessage=\"wpforms-6-field_5-error\" required><\/div>\t\t<div id=\"wpforms-6-field_1-container\"\n\t\t\tclass=\"wpforms-field wpforms-field-text\"\n\t\t\tdata-field-type=\"text\"\n\t\t\tdata-field-id=\"1\"\n\t\t\t>\n\t\t\t<label class=\"wpforms-field-label\" for=\"wpforms-6-field_1\" >se vidas Telefone<\/label>\n\t\t\t<input type=\"text\" id=\"wpforms-6-field_1\" class=\"wpforms-field-medium\" name=\"wpforms[fields][1]\" >\n\t\t<\/div>\n\t\t<div id=\"wpforms-6-field_6-container\" class=\"wpforms-field wpforms-field-text\" data-field-id=\"6\"><label class=\"wpforms-field-label\" for=\"wpforms-6-field_6\">Telefone <span class=\"wpforms-required-label\" aria-hidden=\"true\">*<\/span><\/label><input type=\"text\" id=\"wpforms-6-field_6\" class=\"wpforms-field-medium wpforms-field-required\" name=\"wpforms[fields][6]\" aria-errormessage=\"wpforms-6-field_6-error\" required><\/div><div id=\"wpforms-6-field_2-container\" class=\"wpforms-field wpforms-field-email\" data-field-id=\"2\"><label class=\"wpforms-field-label\" for=\"wpforms-6-field_2\">E-mail <span class=\"wpforms-required-label\" aria-hidden=\"true\">*<\/span><\/label><input type=\"email\" id=\"wpforms-6-field_2\" class=\"wpforms-field-medium wpforms-field-required\" name=\"wpforms[fields][2]\" spellcheck=\"false\" aria-errormessage=\"wpforms-6-field_2-error\" required><\/div><div id=\"wpforms-6-field_7-container\" class=\"wpforms-field wpforms-field-text\" data-field-id=\"7\"><label class=\"wpforms-field-label\" for=\"wpforms-6-field_7\">Idade das vidas <span class=\"wpforms-required-label\" aria-hidden=\"true\">*<\/span><\/label><input type=\"text\" id=\"wpforms-6-field_7\" class=\"wpforms-field-medium wpforms-field-required\" name=\"wpforms[fields][7]\" aria-errormessage=\"wpforms-6-field_7-error\" required><\/div><div id=\"wpforms-6-field_8-container\" class=\"wpforms-field wpforms-field-text\" data-field-id=\"8\"><label class=\"wpforms-field-label\" for=\"wpforms-6-field_8\">Informar se \u00e9 plano empresarial ou pessoa f\u00edsica <span class=\"wpforms-required-label\" aria-hidden=\"true\">*<\/span><\/label><input type=\"text\" id=\"wpforms-6-field_8\" class=\"wpforms-field-medium wpforms-field-required\" name=\"wpforms[fields][8]\" aria-errormessage=\"wpforms-6-field_8-error\" required><\/div><div id=\"wpforms-6-field_3-container\" class=\"wpforms-field wpforms-field-textarea\" data-field-id=\"3\"><label class=\"wpforms-field-label\" for=\"wpforms-6-field_3\">Descreva suas necessidades e coment\u00e1rio <span class=\"wpforms-required-label\" aria-hidden=\"true\">*<\/span><\/label><textarea id=\"wpforms-6-field_3\" class=\"wpforms-field-medium wpforms-field-required\" name=\"wpforms[fields][3]\" aria-errormessage=\"wpforms-6-field_3-error\" required><\/textarea><\/div><script>\n\t\t\t\t( function() {\n\t\t\t\t\tconst style = document.createElement( 'style' );\n\t\t\t\t\tstyle.appendChild( document.createTextNode( '#wpforms-6-field_1-container { position: absolute !important; overflow: hidden !important; display: inline !important; height: 1px !important; width: 1px !important; z-index: -1000 !important; padding: 0 !important; } #wpforms-6-field_1-container input { visibility: hidden; } #wpforms-conversational-form-page #wpforms-6-field_1-container label { counter-increment: none; }' ) );\n\t\t\t\t\tdocument.head.appendChild( style );\n\t\t\t\t\tdocument.currentScript?.remove();\n\t\t\t\t} )();\n\t\t\t<\/script><\/div><!-- .wpforms-field-container --><div class=\"wpforms-submit-container\" ><input type=\"hidden\" name=\"wpforms[id]\" value=\"6\"><input type=\"hidden\" name=\"page_title\" value=\"\"><input type=\"hidden\" name=\"page_url\" value=\"https:\/\/planosdesaudeamil.com.br\/amilempresa\/wp-json\/wp\/v2\/posts\/63\"><input type=\"hidden\" name=\"url_referer\" value=\"\"><button type=\"submit\" name=\"wpforms[submit]\" id=\"wpforms-submit-6\" class=\"wpforms-submit\" data-alt-text=\"Enviando\u2026\" data-submit-text=\"Enviar\" aria-live=\"assertive\" value=\"wpforms-submit\">Enviar<\/button><img loading=\"lazy\" decoding=\"async\" src=\"https:\/\/planosdesaudeamil.com.br\/amilempresa\/wp-content\/plugins\/wpforms-lite\/assets\/images\/submit-spin.svg\" class=\"wpforms-submit-spinner\" style=\"display: none;\" width=\"26\" height=\"26\" alt=\"Carregando\"><\/div><\/form><\/div>  <!-- .wpforms-container -->\n\n\n\n<h2 class=\"wp-block-heading\"><a href=\"https:\/\/planosdesaudeamil.com.br\/amilempresa\/\">Amil empresarial<\/a><\/h2>\n\n\n\n<p>O plano&nbsp;<strong>Amil empresarial<\/strong>&nbsp;costuma oferecer valores mais acess\u00edveis por benefici\u00e1rio, especialmente em contratos com mais de duas vidas, al\u00e9m de permitir uma contrata\u00e7\u00e3o com prazos de car\u00eancia reduzidos ou at\u00e9 isen\u00e7\u00e3o total, dependendo da negocia\u00e7\u00e3o.<\/p>\n\n\n\n<p>Simule em nosso site a <strong>Amil empresa<\/strong> e conhe\u00e7a as linhas da operadora com valores promocionais.<\/p>\n\n\n\n<h2 class=\"wp-block-heading\"><a href=\"https:\/\/planosdesaudeamil.com.br\/amil-mei\/\">Amil MEI<\/a><\/h2>\n\n\n\n<p>Reduza seu custo no <strong>plano de sa\u00fade em Campinas<\/strong> utilizando seu MEI, com desconto de at\u00e9 40% em rela\u00e7\u00e3o aos planos pessoa f\u00edsica. Bem como, aproveite a flexibilidade da Amil e inclua seus familiares como dependentes.<\/p>\n\n\n\n<h2 class=\"wp-block-heading\">Quais as linhas da Amil em Campinas posso contratar?<\/h2>\n\n\n\n<ul class=\"wp-block-list\">\n<li>Bronze Mais<\/li>\n\n\n\n<li>Prato<\/li>\n\n\n\n<li>Ouro<\/li>\n\n\n\n<li>Platinum<\/li>\n\n\n\n<li>Platinum Mais<\/li>\n\n\n\n<li>Black<\/li>\n\n\n\n<li>S750<\/li>\n\n\n\n<li>S2500<\/li>\n<\/ul>\n\n\n\n<h3 class=\"wp-block-heading\">Amil Bronze Mais em Campinas (plano regional com hospital Madre Theodora)<\/h3>\n\n\n\n<p>O plano Amil Bronze Mais em Campinas \u00e9 uma op\u00e7\u00e3o de assist\u00eancia m\u00e9dica com cobertura regional, ideal para quem busca um custo-benef\u00edcio acess\u00edvel sem abrir m\u00e3o da qualidade nos atendimentos essenciais.<\/p>\n\n\n\n<p>Sua rede credenciada inclui o Hospital Madre Theodora, refer\u00eancia na regi\u00e3o em servi\u00e7os de urg\u00eancia e emerg\u00eancia, maternidade e diversas especialidades cl\u00ednicas. Indicado especialmente para quem reside ou trabalha em Campinas, o plano oferece atendimento ambulatorial e hospitalar com acomoda\u00e7\u00e3o em enfermaria, al\u00e9m de uma rede de cl\u00ednicas e laborat\u00f3rios locais.<\/p>\n\n\n\n<p>Por ser um plano regional, tem mensalidades mais acess\u00edveis, o que o torna atrativo para jovens, fam\u00edlias e pequenas empresas que desejam uma cobertura b\u00e1sica, por\u00e9m confi\u00e1vel, dentro da cidade.<\/p>\n\n\n\n<h3 class=\"wp-block-heading\">Amil Ouro em Campinas (plano nacional com Vera Cruz)<\/h3>\n\n\n\n<p>O Amil Ouro em Campinas \u00e9 uma escolha de plano de sa\u00fade que combina uma cobertura ampla com servi\u00e7os de alta qualidade, voltado para quem deseja atendimento diferenciado tanto na cidade quanto em outras regi\u00f5es do pa\u00eds.<\/p>\n\n\n\n<p>Com cobertura nacional e acesso ao renomado Hospital Vera Cruz, um dos mais tradicionais de Campinas, o plano oferece interna\u00e7\u00f5es em apartamento, uma ampla rede de especialistas, centros de diagn\u00f3stico e pronto atendimento. Essa op\u00e7\u00e3o \u00e9 ideal para executivos, fam\u00edlias e empresas que buscam tranquilidade e agilidade em atendimentos m\u00e9dicos em todo o territ\u00f3rio nacional.<\/p>\n\n\n\n<p>Al\u00e9m disso, o plano oferece diferenciais como programas de preven\u00e7\u00e3o e acompanhamento de doen\u00e7as cr\u00f4nicas, o que valoriza o cuidado cont\u00ednuo com a sa\u00fade.<\/p>\n\n\n\n<h3 class=\"wp-block-heading\">Amil S750 em Campinas (plano nacional com S\u00e3o Luiz em Campinas)<\/h3>\n\n\n\n<p>O plano Amil S750 representa uma das op\u00e7\u00f5es mais completas da operadora, com cobertura nacional e acesso ao Hospital S\u00e3o Luiz em Campinas, reconhecido por sua estrutura moderna, corpo cl\u00ednico altamente qualificado e excel\u00eancia em procedimentos de alta complexidade.<\/p>\n\n\n\n<p>Voltado a um p\u00fablico mais exigente, o plano garante interna\u00e7\u00f5es em apartamento, acesso a uma rede premium de hospitais, cl\u00ednicas e laborat\u00f3rios em todo o Brasil, al\u00e9m de facilidades como reembolso para atendimentos fora da rede e servi\u00e7os de concierge em sa\u00fade.<\/p>\n\n\n\n<p>\u00c9 especialmente indicado para profissionais liberais, executivos, empres\u00e1rios e fam\u00edlias que priorizam conforto, agilidade e atendimento m\u00e9dico de alto padr\u00e3o, tanto em Campinas quanto em outras localidades.<\/p>\n\n\n\n<h2 class=\"wp-block-heading\">Planos de sa\u00fade em Campinas (a Amil \u00e9 uma excelente op\u00e7\u00e3o)<\/h2>\n\n\n\n<p>Campinas se destaca como um dos principais polos de sa\u00fade do interior paulista, reunindo hospitais de refer\u00eancia, centros m\u00e9dicos de excel\u00eancia e uma demanda crescente por servi\u00e7os de qualidade. <\/p>\n\n\n\n<p>Nesse cen\u00e1rio, os planos de sa\u00fade ganham protagonismo, sendo fundamentais para garantir acesso r\u00e1pido e eficiente a consultas, exames e interna\u00e7\u00f5es. A Amil se posiciona como uma das melhores op\u00e7\u00f5es na cidade, oferecendo diferentes modalidades de planos que atendem desde perfis mais econ\u00f4micos at\u00e9 os mais exigentes, com coberturas regionais e nacionais. <\/p>\n\n\n\n<p>Com uma rede credenciada s\u00f3lida em Campinas \u2014 incluindo hospitais como Madre Theodora, Vera Cruz e S\u00e3o Luiz \u2014, a operadora alia tradi\u00e7\u00e3o, inova\u00e7\u00e3o e um compromisso constante com a qualidade do atendimento. Seja para indiv\u00edduos, fam\u00edlias ou empresas, escolher um plano Amil \u00e9 investir em seguran\u00e7a, conforto e sa\u00fade com respaldo de uma das maiores operadoras do Brasil.<\/p>\n","protected":false},"excerpt":{"rendered":"<p>Para sua empresa que busca pelo plano de sa\u00fade Amil empresa Campinas, conhe\u00e7a as linhas [&hellip;]<\/p>\n","protected":false},"author":1,"featured_media":64,"comment_status":"closed","ping_status":"closed","sticky":false,"template":"","format":"standard","meta":{"footnotes":""},"categories":[6],"tags":[],"class_list":["post-63","post","type-post","status-publish","format-standard","has-post-thumbnail","hentry","category-amil-empresa"],"yoast_head":"<!-- This site is optimized with the Yoast SEO plugin v26.0 - https:\/\/yoast.com\/wordpress\/plugins\/seo\/ -->\n<title>Amil empresa Campinas, contrate a Amil empresarial em Campinas<\/title>\n<meta name=\"description\" content=\"Para sua empresa que busca pelo plano de sa\u00fade Amil empresa Campinas, conhe\u00e7a as linhas e benef\u00edcios da operadora.\" \/>\n<meta name=\"robots\" content=\"index, follow, max-snippet:-1, max-image-preview:large, max-video-preview:-1\" \/>\n<link rel=\"canonical\" href=\"https:\/\/planosdesaudeamil.com.br\/amilempresa\/amil-empresa-campinas\/\" \/>\n<meta property=\"og:locale\" content=\"pt_BR\" \/>\n<meta property=\"og:type\" content=\"article\" \/>\n<meta property=\"og:title\" content=\"Amil empresa Campinas, contrate a Amil empresarial em Campinas\" \/>\n<meta property=\"og:description\" content=\"Para sua empresa que busca pelo plano de sa\u00fade Amil empresa Campinas, conhe\u00e7a as linhas e benef\u00edcios da operadora.\" \/>\n<meta property=\"og:url\" content=\"https:\/\/planosdesaudeamil.com.br\/amilempresa\/amil-empresa-campinas\/\" \/>\n<meta property=\"og:site_name\" content=\"AMIL EMPRESA\" \/>\n<meta property=\"article:published_time\" content=\"2025-10-02T11:22:42+00:00\" \/>\n<meta property=\"article:modified_time\" content=\"2025-10-06T20:30:33+00:00\" \/>\n<meta property=\"og:image\" content=\"https:\/\/planosdesaudeamil.com.br\/amilempresa\/wp-content\/uploads\/2025\/10\/amil-empresa-campinas.jpg\" \/>\n\t<meta property=\"og:image:width\" content=\"900\" \/>\n\t<meta property=\"og:image:height\" content=\"600\" \/>\n\t<meta property=\"og:image:type\" content=\"image\/jpeg\" \/>\n<meta name=\"author\" content=\"planosdesaudeamil\" \/>\n<meta name=\"twitter:card\" content=\"summary_large_image\" \/>\n<meta name=\"twitter:label1\" content=\"Escrito por\" \/>\n\t<meta name=\"twitter:data1\" content=\"planosdesaudeamil\" \/>\n\t<meta name=\"twitter:label2\" content=\"Est. tempo de leitura\" \/>\n\t<meta name=\"twitter:data2\" content=\"6 minutos\" \/>\n<script type=\"application\/ld+json\" class=\"yoast-schema-graph\">{\"@context\":\"https:\/\/schema.org\",\"@graph\":[{\"@type\":\"Article\",\"@id\":\"https:\/\/planosdesaudeamil.com.br\/amilempresa\/amil-empresa-campinas\/#article\",\"isPartOf\":{\"@id\":\"https:\/\/planosdesaudeamil.com.br\/amilempresa\/amil-empresa-campinas\/\"},\"author\":{\"name\":\"planosdesaudeamil\",\"@id\":\"https:\/\/planosdesaudeamil.com.br\/amilempresa\/#\/schema\/person\/3fc548a2d874c328fc3ed921ac47e56e\"},\"headline\":\"Amil empresa Campinas, contrate a Amil empresarial em Campinas\",\"datePublished\":\"2025-10-02T11:22:42+00:00\",\"dateModified\":\"2025-10-06T20:30:33+00:00\",\"mainEntityOfPage\":{\"@id\":\"https:\/\/planosdesaudeamil.com.br\/amilempresa\/amil-empresa-campinas\/\"},\"wordCount\":985,\"publisher\":{\"@id\":\"https:\/\/planosdesaudeamil.com.br\/amilempresa\/#organization\"},\"image\":{\"@id\":\"https:\/\/planosdesaudeamil.com.br\/amilempresa\/amil-empresa-campinas\/#primaryimage\"},\"thumbnailUrl\":\"https:\/\/planosdesaudeamil.com.br\/amilempresa\/wp-content\/uploads\/2025\/10\/amil-empresa-campinas.jpg\",\"articleSection\":[\"Amil empresa\"],\"inLanguage\":\"pt-BR\"},{\"@type\":\"WebPage\",\"@id\":\"https:\/\/planosdesaudeamil.com.br\/amilempresa\/amil-empresa-campinas\/\",\"url\":\"https:\/\/planosdesaudeamil.com.br\/amilempresa\/amil-empresa-campinas\/\",\"name\":\"Amil empresa Campinas, contrate a Amil empresarial em Campinas\",\"isPartOf\":{\"@id\":\"https:\/\/planosdesaudeamil.com.br\/amilempresa\/#website\"},\"primaryImageOfPage\":{\"@id\":\"https:\/\/planosdesaudeamil.com.br\/amilempresa\/amil-empresa-campinas\/#primaryimage\"},\"image\":{\"@id\":\"https:\/\/planosdesaudeamil.com.br\/amilempresa\/amil-empresa-campinas\/#primaryimage\"},\"thumbnailUrl\":\"https:\/\/planosdesaudeamil.com.br\/amilempresa\/wp-content\/uploads\/2025\/10\/amil-empresa-campinas.jpg\",\"datePublished\":\"2025-10-02T11:22:42+00:00\",\"dateModified\":\"2025-10-06T20:30:33+00:00\",\"description\":\"Para sua empresa que busca pelo plano de sa\u00fade Amil empresa Campinas, conhe\u00e7a as linhas e benef\u00edcios da operadora.\",\"breadcrumb\":{\"@id\":\"https:\/\/planosdesaudeamil.com.br\/amilempresa\/amil-empresa-campinas\/#breadcrumb\"},\"inLanguage\":\"pt-BR\",\"potentialAction\":[{\"@type\":\"ReadAction\",\"target\":[\"https:\/\/planosdesaudeamil.com.br\/amilempresa\/amil-empresa-campinas\/\"]}]},{\"@type\":\"ImageObject\",\"inLanguage\":\"pt-BR\",\"@id\":\"https:\/\/planosdesaudeamil.com.br\/amilempresa\/amil-empresa-campinas\/#primaryimage\",\"url\":\"https:\/\/planosdesaudeamil.com.br\/amilempresa\/wp-content\/uploads\/2025\/10\/amil-empresa-campinas.jpg\",\"contentUrl\":\"https:\/\/planosdesaudeamil.com.br\/amilempresa\/wp-content\/uploads\/2025\/10\/amil-empresa-campinas.jpg\",\"width\":900,\"height\":600},{\"@type\":\"BreadcrumbList\",\"@id\":\"https:\/\/planosdesaudeamil.com.br\/amilempresa\/amil-empresa-campinas\/#breadcrumb\",\"itemListElement\":[{\"@type\":\"ListItem\",\"position\":1,\"name\":\"Home\",\"item\":\"https:\/\/planosdesaudeamil.com.br\/amilempresa\/\"},{\"@type\":\"ListItem\",\"position\":2,\"name\":\"Amil empresa Campinas, contrate a Amil empresarial em Campinas\"}]},{\"@type\":\"WebSite\",\"@id\":\"https:\/\/planosdesaudeamil.com.br\/amilempresa\/#website\",\"url\":\"https:\/\/planosdesaudeamil.com.br\/amilempresa\/\",\"name\":\"AMIL EMPRESA\",\"description\":\"Conhe\u00e7a os planos de sa\u00fade Amil empresarial\",\"publisher\":{\"@id\":\"https:\/\/planosdesaudeamil.com.br\/amilempresa\/#organization\"},\"potentialAction\":[{\"@type\":\"SearchAction\",\"target\":{\"@type\":\"EntryPoint\",\"urlTemplate\":\"https:\/\/planosdesaudeamil.com.br\/amilempresa\/?s={search_term_string}\"},\"query-input\":{\"@type\":\"PropertyValueSpecification\",\"valueRequired\":true,\"valueName\":\"search_term_string\"}}],\"inLanguage\":\"pt-BR\"},{\"@type\":\"Organization\",\"@id\":\"https:\/\/planosdesaudeamil.com.br\/amilempresa\/#organization\",\"name\":\"AMIL EMPRESA\",\"url\":\"https:\/\/planosdesaudeamil.com.br\/amilempresa\/\",\"logo\":{\"@type\":\"ImageObject\",\"inLanguage\":\"pt-BR\",\"@id\":\"https:\/\/planosdesaudeamil.com.br\/amilempresa\/#\/schema\/logo\/image\/\",\"url\":\"https:\/\/planosdesaudeamil.com.br\/amilempresa\/wp-content\/uploads\/2025\/10\/logo-amil.jpg\",\"contentUrl\":\"https:\/\/planosdesaudeamil.com.br\/amilempresa\/wp-content\/uploads\/2025\/10\/logo-amil.jpg\",\"width\":471,\"height\":115,\"caption\":\"AMIL EMPRESA\"},\"image\":{\"@id\":\"https:\/\/planosdesaudeamil.com.br\/amilempresa\/#\/schema\/logo\/image\/\"}},{\"@type\":\"Person\",\"@id\":\"https:\/\/planosdesaudeamil.com.br\/amilempresa\/#\/schema\/person\/3fc548a2d874c328fc3ed921ac47e56e\",\"name\":\"planosdesaudeamil\",\"image\":{\"@type\":\"ImageObject\",\"inLanguage\":\"pt-BR\",\"@id\":\"https:\/\/planosdesaudeamil.com.br\/amilempresa\/#\/schema\/person\/image\/\",\"url\":\"https:\/\/secure.gravatar.com\/avatar\/7acdf4dd93d65d3ff07b554ff9af88f71a615ee75978c2b62fa15b7732ddd01c?s=96&d=mm&r=g\",\"contentUrl\":\"https:\/\/secure.gravatar.com\/avatar\/7acdf4dd93d65d3ff07b554ff9af88f71a615ee75978c2b62fa15b7732ddd01c?s=96&d=mm&r=g\",\"caption\":\"planosdesaudeamil\"},\"sameAs\":[\"https:\/\/planosdesaudeamil.com.br\/amilempresa\"],\"url\":\"https:\/\/planosdesaudeamil.com.br\/amilempresa\/author\/planosdesaudeamil\/\"}]}<\/script>\n<!-- \/ Yoast SEO plugin. -->","yoast_head_json":{"title":"Amil empresa Campinas, contrate a Amil empresarial em Campinas","description":"Para sua empresa que busca pelo plano de sa\u00fade Amil empresa Campinas, conhe\u00e7a as linhas e benef\u00edcios da operadora.","robots":{"index":"index","follow":"follow","max-snippet":"max-snippet:-1","max-image-preview":"max-image-preview:large","max-video-preview":"max-video-preview:-1"},"canonical":"https:\/\/planosdesaudeamil.com.br\/amilempresa\/amil-empresa-campinas\/","og_locale":"pt_BR","og_type":"article","og_title":"Amil empresa Campinas, contrate a Amil empresarial em Campinas","og_description":"Para sua empresa que busca pelo plano de sa\u00fade Amil empresa Campinas, conhe\u00e7a as linhas e benef\u00edcios da operadora.","og_url":"https:\/\/planosdesaudeamil.com.br\/amilempresa\/amil-empresa-campinas\/","og_site_name":"AMIL EMPRESA","article_published_time":"2025-10-02T11:22:42+00:00","article_modified_time":"2025-10-06T20:30:33+00:00","og_image":[{"width":900,"height":600,"url":"https:\/\/planosdesaudeamil.com.br\/amilempresa\/wp-content\/uploads\/2025\/10\/amil-empresa-campinas.jpg","type":"image\/jpeg"}],"author":"planosdesaudeamil","twitter_card":"summary_large_image","twitter_misc":{"Escrito por":"planosdesaudeamil","Est. tempo de leitura":"6 minutos"},"schema":{"@context":"https:\/\/schema.org","@graph":[{"@type":"Article","@id":"https:\/\/planosdesaudeamil.com.br\/amilempresa\/amil-empresa-campinas\/#article","isPartOf":{"@id":"https:\/\/planosdesaudeamil.com.br\/amilempresa\/amil-empresa-campinas\/"},"author":{"name":"planosdesaudeamil","@id":"https:\/\/planosdesaudeamil.com.br\/amilempresa\/#\/schema\/person\/3fc548a2d874c328fc3ed921ac47e56e"},"headline":"Amil empresa Campinas, contrate a Amil empresarial em Campinas","datePublished":"2025-10-02T11:22:42+00:00","dateModified":"2025-10-06T20:30:33+00:00","mainEntityOfPage":{"@id":"https:\/\/planosdesaudeamil.com.br\/amilempresa\/amil-empresa-campinas\/"},"wordCount":985,"publisher":{"@id":"https:\/\/planosdesaudeamil.com.br\/amilempresa\/#organization"},"image":{"@id":"https:\/\/planosdesaudeamil.com.br\/amilempresa\/amil-empresa-campinas\/#primaryimage"},"thumbnailUrl":"https:\/\/planosdesaudeamil.com.br\/amilempresa\/wp-content\/uploads\/2025\/10\/amil-empresa-campinas.jpg","articleSection":["Amil empresa"],"inLanguage":"pt-BR"},{"@type":"WebPage","@id":"https:\/\/planosdesaudeamil.com.br\/amilempresa\/amil-empresa-campinas\/","url":"https:\/\/planosdesaudeamil.com.br\/amilempresa\/amil-empresa-campinas\/","name":"Amil empresa Campinas, contrate a Amil empresarial em Campinas","isPartOf":{"@id":"https:\/\/planosdesaudeamil.com.br\/amilempresa\/#website"},"primaryImageOfPage":{"@id":"https:\/\/planosdesaudeamil.com.br\/amilempresa\/amil-empresa-campinas\/#primaryimage"},"image":{"@id":"https:\/\/planosdesaudeamil.com.br\/amilempresa\/amil-empresa-campinas\/#primaryimage"},"thumbnailUrl":"https:\/\/planosdesaudeamil.com.br\/amilempresa\/wp-content\/uploads\/2025\/10\/amil-empresa-campinas.jpg","datePublished":"2025-10-02T11:22:42+00:00","dateModified":"2025-10-06T20:30:33+00:00","description":"Para sua empresa que busca pelo plano de sa\u00fade Amil empresa Campinas, conhe\u00e7a as linhas e benef\u00edcios da operadora.","breadcrumb":{"@id":"https:\/\/planosdesaudeamil.com.br\/amilempresa\/amil-empresa-campinas\/#breadcrumb"},"inLanguage":"pt-BR","potentialAction":[{"@type":"ReadAction","target":["https:\/\/planosdesaudeamil.com.br\/amilempresa\/amil-empresa-campinas\/"]}]},{"@type":"ImageObject","inLanguage":"pt-BR","@id":"https:\/\/planosdesaudeamil.com.br\/amilempresa\/amil-empresa-campinas\/#primaryimage","url":"https:\/\/planosdesaudeamil.com.br\/amilempresa\/wp-content\/uploads\/2025\/10\/amil-empresa-campinas.jpg","contentUrl":"https:\/\/planosdesaudeamil.com.br\/amilempresa\/wp-content\/uploads\/2025\/10\/amil-empresa-campinas.jpg","width":900,"height":600},{"@type":"BreadcrumbList","@id":"https:\/\/planosdesaudeamil.com.br\/amilempresa\/amil-empresa-campinas\/#breadcrumb","itemListElement":[{"@type":"ListItem","position":1,"name":"Home","item":"https:\/\/planosdesaudeamil.com.br\/amilempresa\/"},{"@type":"ListItem","position":2,"name":"Amil empresa Campinas, contrate a Amil empresarial em Campinas"}]},{"@type":"WebSite","@id":"https:\/\/planosdesaudeamil.com.br\/amilempresa\/#website","url":"https:\/\/planosdesaudeamil.com.br\/amilempresa\/","name":"AMIL EMPRESA","description":"Conhe\u00e7a os planos de sa\u00fade Amil empresarial","publisher":{"@id":"https:\/\/planosdesaudeamil.com.br\/amilempresa\/#organization"},"potentialAction":[{"@type":"SearchAction","target":{"@type":"EntryPoint","urlTemplate":"https:\/\/planosdesaudeamil.com.br\/amilempresa\/?s={search_term_string}"},"query-input":{"@type":"PropertyValueSpecification","valueRequired":true,"valueName":"search_term_string"}}],"inLanguage":"pt-BR"},{"@type":"Organization","@id":"https:\/\/planosdesaudeamil.com.br\/amilempresa\/#organization","name":"AMIL EMPRESA","url":"https:\/\/planosdesaudeamil.com.br\/amilempresa\/","logo":{"@type":"ImageObject","inLanguage":"pt-BR","@id":"https:\/\/planosdesaudeamil.com.br\/amilempresa\/#\/schema\/logo\/image\/","url":"https:\/\/planosdesaudeamil.com.br\/amilempresa\/wp-content\/uploads\/2025\/10\/logo-amil.jpg","contentUrl":"https:\/\/planosdesaudeamil.com.br\/amilempresa\/wp-content\/uploads\/2025\/10\/logo-amil.jpg","width":471,"height":115,"caption":"AMIL EMPRESA"},"image":{"@id":"https:\/\/planosdesaudeamil.com.br\/amilempresa\/#\/schema\/logo\/image\/"}},{"@type":"Person","@id":"https:\/\/planosdesaudeamil.com.br\/amilempresa\/#\/schema\/person\/3fc548a2d874c328fc3ed921ac47e56e","name":"planosdesaudeamil","image":{"@type":"ImageObject","inLanguage":"pt-BR","@id":"https:\/\/planosdesaudeamil.com.br\/amilempresa\/#\/schema\/person\/image\/","url":"https:\/\/secure.gravatar.com\/avatar\/7acdf4dd93d65d3ff07b554ff9af88f71a615ee75978c2b62fa15b7732ddd01c?s=96&d=mm&r=g","contentUrl":"https:\/\/secure.gravatar.com\/avatar\/7acdf4dd93d65d3ff07b554ff9af88f71a615ee75978c2b62fa15b7732ddd01c?s=96&d=mm&r=g","caption":"planosdesaudeamil"},"sameAs":["https:\/\/planosdesaudeamil.com.br\/amilempresa"],"url":"https:\/\/planosdesaudeamil.com.br\/amilempresa\/author\/planosdesaudeamil\/"}]}},"_links":{"self":[{"href":"https:\/\/planosdesaudeamil.com.br\/amilempresa\/wp-json\/wp\/v2\/posts\/63","targetHints":{"allow":["GET"]}}],"collection":[{"href":"https:\/\/planosdesaudeamil.com.br\/amilempresa\/wp-json\/wp\/v2\/posts"}],"about":[{"href":"https:\/\/planosdesaudeamil.com.br\/amilempresa\/wp-json\/wp\/v2\/types\/post"}],"author":[{"embeddable":true,"href":"https:\/\/planosdesaudeamil.com.br\/amilempresa\/wp-json\/wp\/v2\/users\/1"}],"replies":[{"embeddable":true,"href":"https:\/\/planosdesaudeamil.com.br\/amilempresa\/wp-json\/wp\/v2\/comments?post=63"}],"version-history":[{"count":4,"href":"https:\/\/planosdesaudeamil.com.br\/amilempresa\/wp-json\/wp\/v2\/posts\/63\/revisions"}],"predecessor-version":[{"id":226,"href":"https:\/\/planosdesaudeamil.com.br\/amilempresa\/wp-json\/wp\/v2\/posts\/63\/revisions\/226"}],"wp:featuredmedia":[{"embeddable":true,"href":"https:\/\/planosdesaudeamil.com.br\/amilempresa\/wp-json\/wp\/v2\/media\/64"}],"wp:attachment":[{"href":"https:\/\/planosdesaudeamil.com.br\/amilempresa\/wp-json\/wp\/v2\/media?parent=63"}],"wp:term":[{"taxonomy":"category","embeddable":true,"href":"https:\/\/planosdesaudeamil.com.br\/amilempresa\/wp-json\/wp\/v2\/categories?post=63"},{"taxonomy":"post_tag","embeddable":true,"href":"https:\/\/planosdesaudeamil.com.br\/amilempresa\/wp-json\/wp\/v2\/tags?post=63"}],"curies":[{"name":"wp","href":"https:\/\/api.w.org\/{rel}","templated":true}]}}