{"id":58,"date":"2025-10-02T08:14:17","date_gmt":"2025-10-02T11:14:17","guid":{"rendered":"https:\/\/planosdesaudeamil.com.br\/amilempresa\/?p=58"},"modified":"2025-10-02T08:18:42","modified_gmt":"2025-10-02T11:18:42","slug":"amil-empresa-abc","status":"publish","type":"post","link":"https:\/\/planosdesaudeamil.com.br\/amilempresa\/amil-empresa-abc\/","title":{"rendered":"Amil empresa ABC"},"content":{"rendered":"\n<p>Para sua empresa que busca pelo plano de sa\u00fade <strong>Amil empresa ABC<\/strong>, conhe\u00e7a as linhas e benef\u00edcios da operadora.<\/p>\n\n\n\n<p>A procura por planos de sa\u00fade empresariais da <strong>Amil na regi\u00e3o do ABC<\/strong> tem crescido de forma significativa nos \u00faltimos anos. Com um mercado empresarial forte em cidades como Santo Andr\u00e9, S\u00e3o Bernardo e S\u00e3o Caetano, muitas empresas t\u00eam optado por oferecer planos da Amil como benef\u00edcio para seus colaboradores. A operadora se destaca pela ampla rede credenciada, com hospitais e cl\u00ednicas bem avaliados na regi\u00e3o, o que proporciona atendimento r\u00e1pido e de qualidade.<\/p>\n\n\n\n<p>Al\u00e9m disso, os planos empresariais da Amil s\u00e3o muito bem aceitos no ABC, com excelente custo-benef\u00edcio tanto para pequenas quanto grandes empresas. A diversidade de linhas \u2014 como Amil F\u00e1cil, Amil S450, Amil One e outras \u2014 permite uma personaliza\u00e7\u00e3o de acordo com a necessidade de cada neg\u00f3cio, garantindo maior satisfa\u00e7\u00e3o entre os funcion\u00e1rios e contribuindo para a reten\u00e7\u00e3o de talentos. \u00c9 cada vez mais comum ver empresas da regi\u00e3o valorizando a sa\u00fade corporativa com o apoio da Amil.<\/p>\n\n\n\n<p>Quem mora ou trabalha no ABC e ainda n\u00e3o conhece os diferenciais da Amil est\u00e1 perdendo a chance de garantir acesso a uma das melhores operadoras do pa\u00eds. A aceita\u00e7\u00e3o da marca entre m\u00e9dicos e cl\u00ednicas da regi\u00e3o \u00e9 excelente, e as vendas de planos empresariais t\u00eam crescido m\u00eas a m\u00eas. Fa\u00e7a agora mesmo uma cota\u00e7\u00e3o e descubra por que a Amil \u00e9 uma escolha estrat\u00e9gica para a sua empresa no ABC.<\/p>\n\n\n\n<h2 class=\"wp-block-heading\">Amil empresa ABC (SIMULE AQUI)<\/h2>\n\n\n\n<figure class=\"wp-block-image size-full\"><a href=\"https:\/\/api.whatsapp.com\/send?phone=5511969670055&amp;text=Simular Amil Empresa\"><img loading=\"lazy\" decoding=\"async\" width=\"1000\" height=\"667\" src=\"http:\/\/planosdesaudeamil.com.br\/amilempresa\/wp-content\/uploads\/2025\/10\/amil-contato.jpg\" alt=\"Amil empresa ABC\" class=\"wp-image-40\" srcset=\"https:\/\/planosdesaudeamil.com.br\/amilempresa\/wp-content\/uploads\/2025\/10\/amil-contato.jpg 1000w, https:\/\/planosdesaudeamil.com.br\/amilempresa\/wp-content\/uploads\/2025\/10\/amil-contato-300x200.jpg 300w, https:\/\/planosdesaudeamil.com.br\/amilempresa\/wp-content\/uploads\/2025\/10\/amil-contato-768x512.jpg 768w\" sizes=\"auto, (max-width: 1000px) 100vw, 1000px\" \/><\/a><\/figure>\n\n\n\n<p>Preencha o formul\u00e1rio abaixo, e receba em seu e-mail em poucos minutos, as tabelas de pre\u00e7os dos&nbsp;<strong>planos Amil empresarial<\/strong>.<\/p>\n\n\n\n<style id=\"wpforms-css-vars-6\">\n\t\t\t\t#wpforms-6 {\n\t\t\t\t--wpforms-container-padding: 0px;\n--wpforms-container-border-width: 1px;\n--wpforms-container-border-radius: 3px;\n--wpforms-background-color: rgba(0, 0, 0, 0);\n--wpforms-field-size-input-height: 43px;\n--wpforms-field-size-input-spacing: 15px;\n--wpforms-field-size-font-size: 16px;\n--wpforms-field-size-line-height: 19px;\n--wpforms-field-size-padding-h: 14px;\n--wpforms-field-size-checkbox-size: 16px;\n--wpforms-field-size-sublabel-spacing: 5px;\n--wpforms-field-size-icon-size: 1;\n--wpforms-label-size-font-size: 16px;\n--wpforms-label-size-line-height: 19px;\n--wpforms-label-size-sublabel-font-size: 14px;\n--wpforms-label-size-sublabel-line-height: 17px;\n--wpforms-button-size-font-size: 17px;\n--wpforms-button-size-height: 41px;\n--wpforms-button-size-padding-h: 15px;\n--wpforms-button-size-margin-top: 10px;\n--wpforms-container-shadow-size-box-shadow: none;\n\t\t\t}\n\t\t\t<\/style><div class=\"wpforms-container wpforms-container-full wpforms-render-modern\" id=\"wpforms-6\"><form id=\"wpforms-form-6\" class=\"wpforms-validate wpforms-form wpforms-ajax-form\" data-formid=\"6\" method=\"post\" enctype=\"multipart\/form-data\" action=\"\/amilempresa\/wp-json\/wp\/v2\/posts\/58\" data-token=\"7a595c318deb7bd3d2065a94340d9f71\" data-token-time=\"1777451151\"><noscript class=\"wpforms-error-noscript\">Ative o JavaScript no seu navegador para preencher este formul\u00e1rio.<\/noscript><div id=\"wpforms-error-noscript\" style=\"display: none;\">Ative o JavaScript no seu navegador para preencher este formul\u00e1rio.<\/div><div class=\"wpforms-field-container\"><div id=\"wpforms-6-field_4-container\" class=\"wpforms-field wpforms-field-text\" data-field-id=\"4\"><label class=\"wpforms-field-label\" for=\"wpforms-6-field_4\">Nome <span class=\"wpforms-required-label\" aria-hidden=\"true\">*<\/span><\/label><input type=\"text\" id=\"wpforms-6-field_4\" class=\"wpforms-field-medium wpforms-field-required\" name=\"wpforms[fields][4]\" aria-errormessage=\"wpforms-6-field_4-error\" required><\/div><div id=\"wpforms-6-field_5-container\" class=\"wpforms-field wpforms-field-text\" data-field-id=\"5\"><label class=\"wpforms-field-label\" for=\"wpforms-6-field_5\">Cidade e Estado <span class=\"wpforms-required-label\" aria-hidden=\"true\">*<\/span><\/label><input type=\"text\" id=\"wpforms-6-field_5\" class=\"wpforms-field-medium wpforms-field-required\" name=\"wpforms[fields][5]\" aria-errormessage=\"wpforms-6-field_5-error\" required><\/div><div id=\"wpforms-6-field_6-container\" class=\"wpforms-field wpforms-field-text\" data-field-id=\"6\"><label class=\"wpforms-field-label\" for=\"wpforms-6-field_6\">Telefone <span class=\"wpforms-required-label\" aria-hidden=\"true\">*<\/span><\/label><input type=\"text\" id=\"wpforms-6-field_6\" class=\"wpforms-field-medium wpforms-field-required\" name=\"wpforms[fields][6]\" aria-errormessage=\"wpforms-6-field_6-error\" required><\/div><div id=\"wpforms-6-field_2-container\" class=\"wpforms-field wpforms-field-email\" data-field-id=\"2\"><label class=\"wpforms-field-label\" for=\"wpforms-6-field_2\">E-mail <span class=\"wpforms-required-label\" aria-hidden=\"true\">*<\/span><\/label><input type=\"email\" id=\"wpforms-6-field_2\" class=\"wpforms-field-medium wpforms-field-required\" name=\"wpforms[fields][2]\" spellcheck=\"false\" aria-errormessage=\"wpforms-6-field_2-error\" required><\/div><div id=\"wpforms-6-field_7-container\" class=\"wpforms-field wpforms-field-text\" data-field-id=\"7\"><label class=\"wpforms-field-label\" for=\"wpforms-6-field_7\">Idade das vidas <span class=\"wpforms-required-label\" aria-hidden=\"true\">*<\/span><\/label><input type=\"text\" id=\"wpforms-6-field_7\" class=\"wpforms-field-medium wpforms-field-required\" name=\"wpforms[fields][7]\" aria-errormessage=\"wpforms-6-field_7-error\" required><\/div>\t\t<div id=\"wpforms-6-field_1-container\"\n\t\t\tclass=\"wpforms-field wpforms-field-text\"\n\t\t\tdata-field-type=\"text\"\n\t\t\tdata-field-id=\"1\"\n\t\t\t>\n\t\t\t<label class=\"wpforms-field-label\" for=\"wpforms-6-field_1\" >coment\u00e1rio Idade e<\/label>\n\t\t\t<input type=\"text\" id=\"wpforms-6-field_1\" class=\"wpforms-field-medium\" name=\"wpforms[fields][1]\" >\n\t\t<\/div>\n\t\t<div id=\"wpforms-6-field_8-container\" class=\"wpforms-field wpforms-field-text\" data-field-id=\"8\"><label class=\"wpforms-field-label\" for=\"wpforms-6-field_8\">Informar se \u00e9 plano empresarial ou pessoa f\u00edsica <span class=\"wpforms-required-label\" aria-hidden=\"true\">*<\/span><\/label><input type=\"text\" id=\"wpforms-6-field_8\" class=\"wpforms-field-medium wpforms-field-required\" name=\"wpforms[fields][8]\" aria-errormessage=\"wpforms-6-field_8-error\" required><\/div><div id=\"wpforms-6-field_3-container\" class=\"wpforms-field wpforms-field-textarea\" data-field-id=\"3\"><label class=\"wpforms-field-label\" for=\"wpforms-6-field_3\">Descreva suas necessidades e coment\u00e1rio <span class=\"wpforms-required-label\" aria-hidden=\"true\">*<\/span><\/label><textarea id=\"wpforms-6-field_3\" class=\"wpforms-field-medium wpforms-field-required\" name=\"wpforms[fields][3]\" aria-errormessage=\"wpforms-6-field_3-error\" required><\/textarea><\/div><script>\n\t\t\t\t( function() {\n\t\t\t\t\tconst style = document.createElement( 'style' );\n\t\t\t\t\tstyle.appendChild( document.createTextNode( '#wpforms-6-field_1-container { position: absolute !important; overflow: hidden !important; display: inline !important; height: 1px !important; width: 1px !important; z-index: -1000 !important; padding: 0 !important; } #wpforms-6-field_1-container input { visibility: hidden; } #wpforms-conversational-form-page #wpforms-6-field_1-container label { counter-increment: none; }' ) );\n\t\t\t\t\tdocument.head.appendChild( style );\n\t\t\t\t\tdocument.currentScript?.remove();\n\t\t\t\t} )();\n\t\t\t<\/script><\/div><!-- .wpforms-field-container --><div class=\"wpforms-submit-container\" ><input type=\"hidden\" name=\"wpforms[id]\" value=\"6\"><input type=\"hidden\" name=\"page_title\" value=\"\"><input type=\"hidden\" name=\"page_url\" value=\"https:\/\/planosdesaudeamil.com.br\/amilempresa\/wp-json\/wp\/v2\/posts\/58\"><input type=\"hidden\" name=\"url_referer\" value=\"\"><button type=\"submit\" name=\"wpforms[submit]\" id=\"wpforms-submit-6\" class=\"wpforms-submit\" data-alt-text=\"Enviando\u2026\" data-submit-text=\"Enviar\" aria-live=\"assertive\" value=\"wpforms-submit\">Enviar<\/button><img loading=\"lazy\" decoding=\"async\" src=\"https:\/\/planosdesaudeamil.com.br\/amilempresa\/wp-content\/plugins\/wpforms-lite\/assets\/images\/submit-spin.svg\" class=\"wpforms-submit-spinner\" style=\"display: none;\" width=\"26\" height=\"26\" alt=\"Carregando\"><\/div><\/form><\/div>  <!-- .wpforms-container -->\n\n\n\n<h2 class=\"wp-block-heading\"><a href=\"https:\/\/planosdesaudeamil.com.br\/amilempresa\/\">Amil empresarial<\/a><\/h2>\n\n\n\n<p>O plano&nbsp;<strong>Amil empresarial<\/strong>&nbsp;costuma oferecer valores mais acess\u00edveis por benefici\u00e1rio, especialmente em contratos com mais de duas vidas, al\u00e9m de permitir uma contrata\u00e7\u00e3o com prazos de car\u00eancia reduzidos ou at\u00e9 isen\u00e7\u00e3o total, dependendo da negocia\u00e7\u00e3o.<\/p>\n\n\n\n<p>Simule em nosso site a <strong>Amil empresa<\/strong> e conhe\u00e7a as linhas da operadora com valores promocionais.<\/p>\n\n\n\n<h2 class=\"wp-block-heading\"><a href=\"https:\/\/planosdesaudeamil.com.br\/amil-mei\/\">Amil MEI<\/a><\/h2>\n\n\n\n<p>Reduza seu custo no <strong>plano de sa\u00fade no ABC<\/strong> utilizando seu MEI, com desconto de at\u00e9 40% em rela\u00e7\u00e3o aos planos pessoa f\u00edsica. Bem como, aproveite a flexibilidade da Amil e inclua seus familiares como dependentes.<\/p>\n\n\n\n<h2 class=\"wp-block-heading\">Quais as linhas da Amil no ABC posso contratar?<\/h2>\n\n\n\n<ul class=\"wp-block-list\">\n<li>Bronze<\/li>\n\n\n\n<li>Bronze Mais<\/li>\n\n\n\n<li>Prato<\/li>\n\n\n\n<li>Ouro<\/li>\n\n\n\n<li>Platinum<\/li>\n\n\n\n<li>Platinum Mais<\/li>\n\n\n\n<li>Black<\/li>\n\n\n\n<li>S750<\/li>\n\n\n\n<li>S2500<\/li>\n<\/ul>\n","protected":false},"excerpt":{"rendered":"<p>Para sua empresa que busca pelo plano de sa\u00fade Amil empresa ABC, conhe\u00e7a as linhas [&hellip;]<\/p>\n","protected":false},"author":1,"featured_media":59,"comment_status":"closed","ping_status":"closed","sticky":false,"template":"","format":"standard","meta":{"footnotes":""},"categories":[6],"tags":[],"class_list":["post-58","post","type-post","status-publish","format-standard","has-post-thumbnail","hentry","category-amil-empresa"],"yoast_head":"<!-- This site is optimized with the Yoast SEO plugin v26.0 - https:\/\/yoast.com\/wordpress\/plugins\/seo\/ -->\n<title>Amil empresa ABC<\/title>\n<meta name=\"description\" content=\"Para sua empresa que busca pelo plano de sa\u00fade Amil empresa ABC, conhe\u00e7a as linhas e benef\u00edcios da operadora.\" \/>\n<meta name=\"robots\" content=\"index, follow, max-snippet:-1, max-image-preview:large, max-video-preview:-1\" \/>\n<link rel=\"canonical\" href=\"https:\/\/planosdesaudeamil.com.br\/amilempresa\/amil-empresa-abc\/\" \/>\n<meta property=\"og:locale\" content=\"pt_BR\" \/>\n<meta property=\"og:type\" content=\"article\" \/>\n<meta property=\"og:title\" content=\"Amil empresa ABC\" \/>\n<meta property=\"og:description\" content=\"Para sua empresa que busca pelo plano de sa\u00fade Amil empresa ABC, conhe\u00e7a as linhas e benef\u00edcios da operadora.\" \/>\n<meta property=\"og:url\" content=\"https:\/\/planosdesaudeamil.com.br\/amilempresa\/amil-empresa-abc\/\" \/>\n<meta property=\"og:site_name\" content=\"AMIL EMPRESA\" \/>\n<meta property=\"article:published_time\" content=\"2025-10-02T11:14:17+00:00\" \/>\n<meta property=\"article:modified_time\" content=\"2025-10-02T11:18:42+00:00\" \/>\n<meta property=\"og:image\" content=\"https:\/\/planosdesaudeamil.com.br\/amilempresa\/wp-content\/uploads\/2025\/10\/amil-empresa-abc.jpg\" \/>\n\t<meta property=\"og:image:width\" content=\"900\" \/>\n\t<meta property=\"og:image:height\" content=\"600\" \/>\n\t<meta property=\"og:image:type\" content=\"image\/jpeg\" \/>\n<meta name=\"author\" content=\"planosdesaudeamil\" \/>\n<meta name=\"twitter:card\" content=\"summary_large_image\" \/>\n<meta name=\"twitter:label1\" content=\"Escrito por\" \/>\n\t<meta name=\"twitter:data1\" content=\"planosdesaudeamil\" \/>\n\t<meta name=\"twitter:label2\" content=\"Est. tempo de leitura\" \/>\n\t<meta name=\"twitter:data2\" content=\"3 minutos\" \/>\n<script type=\"application\/ld+json\" class=\"yoast-schema-graph\">{\"@context\":\"https:\/\/schema.org\",\"@graph\":[{\"@type\":\"Article\",\"@id\":\"https:\/\/planosdesaudeamil.com.br\/amilempresa\/amil-empresa-abc\/#article\",\"isPartOf\":{\"@id\":\"https:\/\/planosdesaudeamil.com.br\/amilempresa\/amil-empresa-abc\/\"},\"author\":{\"name\":\"planosdesaudeamil\",\"@id\":\"https:\/\/planosdesaudeamil.com.br\/amilempresa\/#\/schema\/person\/3fc548a2d874c328fc3ed921ac47e56e\"},\"headline\":\"Amil empresa ABC\",\"datePublished\":\"2025-10-02T11:14:17+00:00\",\"dateModified\":\"2025-10-02T11:18:42+00:00\",\"mainEntityOfPage\":{\"@id\":\"https:\/\/planosdesaudeamil.com.br\/amilempresa\/amil-empresa-abc\/\"},\"wordCount\":431,\"publisher\":{\"@id\":\"https:\/\/planosdesaudeamil.com.br\/amilempresa\/#organization\"},\"image\":{\"@id\":\"https:\/\/planosdesaudeamil.com.br\/amilempresa\/amil-empresa-abc\/#primaryimage\"},\"thumbnailUrl\":\"https:\/\/planosdesaudeamil.com.br\/amilempresa\/wp-content\/uploads\/2025\/10\/amil-empresa-abc.jpg\",\"articleSection\":[\"Amil empresa\"],\"inLanguage\":\"pt-BR\"},{\"@type\":\"WebPage\",\"@id\":\"https:\/\/planosdesaudeamil.com.br\/amilempresa\/amil-empresa-abc\/\",\"url\":\"https:\/\/planosdesaudeamil.com.br\/amilempresa\/amil-empresa-abc\/\",\"name\":\"Amil empresa ABC\",\"isPartOf\":{\"@id\":\"https:\/\/planosdesaudeamil.com.br\/amilempresa\/#website\"},\"primaryImageOfPage\":{\"@id\":\"https:\/\/planosdesaudeamil.com.br\/amilempresa\/amil-empresa-abc\/#primaryimage\"},\"image\":{\"@id\":\"https:\/\/planosdesaudeamil.com.br\/amilempresa\/amil-empresa-abc\/#primaryimage\"},\"thumbnailUrl\":\"https:\/\/planosdesaudeamil.com.br\/amilempresa\/wp-content\/uploads\/2025\/10\/amil-empresa-abc.jpg\",\"datePublished\":\"2025-10-02T11:14:17+00:00\",\"dateModified\":\"2025-10-02T11:18:42+00:00\",\"description\":\"Para sua empresa que busca pelo plano de sa\u00fade Amil empresa ABC, conhe\u00e7a as linhas e benef\u00edcios da operadora.\",\"breadcrumb\":{\"@id\":\"https:\/\/planosdesaudeamil.com.br\/amilempresa\/amil-empresa-abc\/#breadcrumb\"},\"inLanguage\":\"pt-BR\",\"potentialAction\":[{\"@type\":\"ReadAction\",\"target\":[\"https:\/\/planosdesaudeamil.com.br\/amilempresa\/amil-empresa-abc\/\"]}]},{\"@type\":\"ImageObject\",\"inLanguage\":\"pt-BR\",\"@id\":\"https:\/\/planosdesaudeamil.com.br\/amilempresa\/amil-empresa-abc\/#primaryimage\",\"url\":\"https:\/\/planosdesaudeamil.com.br\/amilempresa\/wp-content\/uploads\/2025\/10\/amil-empresa-abc.jpg\",\"contentUrl\":\"https:\/\/planosdesaudeamil.com.br\/amilempresa\/wp-content\/uploads\/2025\/10\/amil-empresa-abc.jpg\",\"width\":900,\"height\":600},{\"@type\":\"BreadcrumbList\",\"@id\":\"https:\/\/planosdesaudeamil.com.br\/amilempresa\/amil-empresa-abc\/#breadcrumb\",\"itemListElement\":[{\"@type\":\"ListItem\",\"position\":1,\"name\":\"Home\",\"item\":\"https:\/\/planosdesaudeamil.com.br\/amilempresa\/\"},{\"@type\":\"ListItem\",\"position\":2,\"name\":\"Amil empresa ABC\"}]},{\"@type\":\"WebSite\",\"@id\":\"https:\/\/planosdesaudeamil.com.br\/amilempresa\/#website\",\"url\":\"https:\/\/planosdesaudeamil.com.br\/amilempresa\/\",\"name\":\"AMIL EMPRESA\",\"description\":\"Conhe\u00e7a os planos de sa\u00fade Amil empresarial\",\"publisher\":{\"@id\":\"https:\/\/planosdesaudeamil.com.br\/amilempresa\/#organization\"},\"potentialAction\":[{\"@type\":\"SearchAction\",\"target\":{\"@type\":\"EntryPoint\",\"urlTemplate\":\"https:\/\/planosdesaudeamil.com.br\/amilempresa\/?s={search_term_string}\"},\"query-input\":{\"@type\":\"PropertyValueSpecification\",\"valueRequired\":true,\"valueName\":\"search_term_string\"}}],\"inLanguage\":\"pt-BR\"},{\"@type\":\"Organization\",\"@id\":\"https:\/\/planosdesaudeamil.com.br\/amilempresa\/#organization\",\"name\":\"AMIL EMPRESA\",\"url\":\"https:\/\/planosdesaudeamil.com.br\/amilempresa\/\",\"logo\":{\"@type\":\"ImageObject\",\"inLanguage\":\"pt-BR\",\"@id\":\"https:\/\/planosdesaudeamil.com.br\/amilempresa\/#\/schema\/logo\/image\/\",\"url\":\"https:\/\/planosdesaudeamil.com.br\/amilempresa\/wp-content\/uploads\/2025\/10\/logo-amil.jpg\",\"contentUrl\":\"https:\/\/planosdesaudeamil.com.br\/amilempresa\/wp-content\/uploads\/2025\/10\/logo-amil.jpg\",\"width\":471,\"height\":115,\"caption\":\"AMIL EMPRESA\"},\"image\":{\"@id\":\"https:\/\/planosdesaudeamil.com.br\/amilempresa\/#\/schema\/logo\/image\/\"}},{\"@type\":\"Person\",\"@id\":\"https:\/\/planosdesaudeamil.com.br\/amilempresa\/#\/schema\/person\/3fc548a2d874c328fc3ed921ac47e56e\",\"name\":\"planosdesaudeamil\",\"image\":{\"@type\":\"ImageObject\",\"inLanguage\":\"pt-BR\",\"@id\":\"https:\/\/planosdesaudeamil.com.br\/amilempresa\/#\/schema\/person\/image\/\",\"url\":\"https:\/\/secure.gravatar.com\/avatar\/7acdf4dd93d65d3ff07b554ff9af88f71a615ee75978c2b62fa15b7732ddd01c?s=96&d=mm&r=g\",\"contentUrl\":\"https:\/\/secure.gravatar.com\/avatar\/7acdf4dd93d65d3ff07b554ff9af88f71a615ee75978c2b62fa15b7732ddd01c?s=96&d=mm&r=g\",\"caption\":\"planosdesaudeamil\"},\"sameAs\":[\"https:\/\/planosdesaudeamil.com.br\/amilempresa\"],\"url\":\"https:\/\/planosdesaudeamil.com.br\/amilempresa\/author\/planosdesaudeamil\/\"}]}<\/script>\n<!-- \/ Yoast SEO plugin. -->","yoast_head_json":{"title":"Amil empresa ABC","description":"Para sua empresa que busca pelo plano de sa\u00fade Amil empresa ABC, conhe\u00e7a as linhas e benef\u00edcios da operadora.","robots":{"index":"index","follow":"follow","max-snippet":"max-snippet:-1","max-image-preview":"max-image-preview:large","max-video-preview":"max-video-preview:-1"},"canonical":"https:\/\/planosdesaudeamil.com.br\/amilempresa\/amil-empresa-abc\/","og_locale":"pt_BR","og_type":"article","og_title":"Amil empresa ABC","og_description":"Para sua empresa que busca pelo plano de sa\u00fade Amil empresa ABC, conhe\u00e7a as linhas e benef\u00edcios da operadora.","og_url":"https:\/\/planosdesaudeamil.com.br\/amilempresa\/amil-empresa-abc\/","og_site_name":"AMIL EMPRESA","article_published_time":"2025-10-02T11:14:17+00:00","article_modified_time":"2025-10-02T11:18:42+00:00","og_image":[{"width":900,"height":600,"url":"https:\/\/planosdesaudeamil.com.br\/amilempresa\/wp-content\/uploads\/2025\/10\/amil-empresa-abc.jpg","type":"image\/jpeg"}],"author":"planosdesaudeamil","twitter_card":"summary_large_image","twitter_misc":{"Escrito por":"planosdesaudeamil","Est. tempo de leitura":"3 minutos"},"schema":{"@context":"https:\/\/schema.org","@graph":[{"@type":"Article","@id":"https:\/\/planosdesaudeamil.com.br\/amilempresa\/amil-empresa-abc\/#article","isPartOf":{"@id":"https:\/\/planosdesaudeamil.com.br\/amilempresa\/amil-empresa-abc\/"},"author":{"name":"planosdesaudeamil","@id":"https:\/\/planosdesaudeamil.com.br\/amilempresa\/#\/schema\/person\/3fc548a2d874c328fc3ed921ac47e56e"},"headline":"Amil empresa ABC","datePublished":"2025-10-02T11:14:17+00:00","dateModified":"2025-10-02T11:18:42+00:00","mainEntityOfPage":{"@id":"https:\/\/planosdesaudeamil.com.br\/amilempresa\/amil-empresa-abc\/"},"wordCount":431,"publisher":{"@id":"https:\/\/planosdesaudeamil.com.br\/amilempresa\/#organization"},"image":{"@id":"https:\/\/planosdesaudeamil.com.br\/amilempresa\/amil-empresa-abc\/#primaryimage"},"thumbnailUrl":"https:\/\/planosdesaudeamil.com.br\/amilempresa\/wp-content\/uploads\/2025\/10\/amil-empresa-abc.jpg","articleSection":["Amil empresa"],"inLanguage":"pt-BR"},{"@type":"WebPage","@id":"https:\/\/planosdesaudeamil.com.br\/amilempresa\/amil-empresa-abc\/","url":"https:\/\/planosdesaudeamil.com.br\/amilempresa\/amil-empresa-abc\/","name":"Amil empresa ABC","isPartOf":{"@id":"https:\/\/planosdesaudeamil.com.br\/amilempresa\/#website"},"primaryImageOfPage":{"@id":"https:\/\/planosdesaudeamil.com.br\/amilempresa\/amil-empresa-abc\/#primaryimage"},"image":{"@id":"https:\/\/planosdesaudeamil.com.br\/amilempresa\/amil-empresa-abc\/#primaryimage"},"thumbnailUrl":"https:\/\/planosdesaudeamil.com.br\/amilempresa\/wp-content\/uploads\/2025\/10\/amil-empresa-abc.jpg","datePublished":"2025-10-02T11:14:17+00:00","dateModified":"2025-10-02T11:18:42+00:00","description":"Para sua empresa que busca pelo plano de sa\u00fade Amil empresa ABC, conhe\u00e7a as linhas e benef\u00edcios da operadora.","breadcrumb":{"@id":"https:\/\/planosdesaudeamil.com.br\/amilempresa\/amil-empresa-abc\/#breadcrumb"},"inLanguage":"pt-BR","potentialAction":[{"@type":"ReadAction","target":["https:\/\/planosdesaudeamil.com.br\/amilempresa\/amil-empresa-abc\/"]}]},{"@type":"ImageObject","inLanguage":"pt-BR","@id":"https:\/\/planosdesaudeamil.com.br\/amilempresa\/amil-empresa-abc\/#primaryimage","url":"https:\/\/planosdesaudeamil.com.br\/amilempresa\/wp-content\/uploads\/2025\/10\/amil-empresa-abc.jpg","contentUrl":"https:\/\/planosdesaudeamil.com.br\/amilempresa\/wp-content\/uploads\/2025\/10\/amil-empresa-abc.jpg","width":900,"height":600},{"@type":"BreadcrumbList","@id":"https:\/\/planosdesaudeamil.com.br\/amilempresa\/amil-empresa-abc\/#breadcrumb","itemListElement":[{"@type":"ListItem","position":1,"name":"Home","item":"https:\/\/planosdesaudeamil.com.br\/amilempresa\/"},{"@type":"ListItem","position":2,"name":"Amil empresa ABC"}]},{"@type":"WebSite","@id":"https:\/\/planosdesaudeamil.com.br\/amilempresa\/#website","url":"https:\/\/planosdesaudeamil.com.br\/amilempresa\/","name":"AMIL EMPRESA","description":"Conhe\u00e7a os planos de sa\u00fade Amil empresarial","publisher":{"@id":"https:\/\/planosdesaudeamil.com.br\/amilempresa\/#organization"},"potentialAction":[{"@type":"SearchAction","target":{"@type":"EntryPoint","urlTemplate":"https:\/\/planosdesaudeamil.com.br\/amilempresa\/?s={search_term_string}"},"query-input":{"@type":"PropertyValueSpecification","valueRequired":true,"valueName":"search_term_string"}}],"inLanguage":"pt-BR"},{"@type":"Organization","@id":"https:\/\/planosdesaudeamil.com.br\/amilempresa\/#organization","name":"AMIL EMPRESA","url":"https:\/\/planosdesaudeamil.com.br\/amilempresa\/","logo":{"@type":"ImageObject","inLanguage":"pt-BR","@id":"https:\/\/planosdesaudeamil.com.br\/amilempresa\/#\/schema\/logo\/image\/","url":"https:\/\/planosdesaudeamil.com.br\/amilempresa\/wp-content\/uploads\/2025\/10\/logo-amil.jpg","contentUrl":"https:\/\/planosdesaudeamil.com.br\/amilempresa\/wp-content\/uploads\/2025\/10\/logo-amil.jpg","width":471,"height":115,"caption":"AMIL EMPRESA"},"image":{"@id":"https:\/\/planosdesaudeamil.com.br\/amilempresa\/#\/schema\/logo\/image\/"}},{"@type":"Person","@id":"https:\/\/planosdesaudeamil.com.br\/amilempresa\/#\/schema\/person\/3fc548a2d874c328fc3ed921ac47e56e","name":"planosdesaudeamil","image":{"@type":"ImageObject","inLanguage":"pt-BR","@id":"https:\/\/planosdesaudeamil.com.br\/amilempresa\/#\/schema\/person\/image\/","url":"https:\/\/secure.gravatar.com\/avatar\/7acdf4dd93d65d3ff07b554ff9af88f71a615ee75978c2b62fa15b7732ddd01c?s=96&d=mm&r=g","contentUrl":"https:\/\/secure.gravatar.com\/avatar\/7acdf4dd93d65d3ff07b554ff9af88f71a615ee75978c2b62fa15b7732ddd01c?s=96&d=mm&r=g","caption":"planosdesaudeamil"},"sameAs":["https:\/\/planosdesaudeamil.com.br\/amilempresa"],"url":"https:\/\/planosdesaudeamil.com.br\/amilempresa\/author\/planosdesaudeamil\/"}]}},"_links":{"self":[{"href":"https:\/\/planosdesaudeamil.com.br\/amilempresa\/wp-json\/wp\/v2\/posts\/58","targetHints":{"allow":["GET"]}}],"collection":[{"href":"https:\/\/planosdesaudeamil.com.br\/amilempresa\/wp-json\/wp\/v2\/posts"}],"about":[{"href":"https:\/\/planosdesaudeamil.com.br\/amilempresa\/wp-json\/wp\/v2\/types\/post"}],"author":[{"embeddable":true,"href":"https:\/\/planosdesaudeamil.com.br\/amilempresa\/wp-json\/wp\/v2\/users\/1"}],"replies":[{"embeddable":true,"href":"https:\/\/planosdesaudeamil.com.br\/amilempresa\/wp-json\/wp\/v2\/comments?post=58"}],"version-history":[{"count":2,"href":"https:\/\/planosdesaudeamil.com.br\/amilempresa\/wp-json\/wp\/v2\/posts\/58\/revisions"}],"predecessor-version":[{"id":62,"href":"https:\/\/planosdesaudeamil.com.br\/amilempresa\/wp-json\/wp\/v2\/posts\/58\/revisions\/62"}],"wp:featuredmedia":[{"embeddable":true,"href":"https:\/\/planosdesaudeamil.com.br\/amilempresa\/wp-json\/wp\/v2\/media\/59"}],"wp:attachment":[{"href":"https:\/\/planosdesaudeamil.com.br\/amilempresa\/wp-json\/wp\/v2\/media?parent=58"}],"wp:term":[{"taxonomy":"category","embeddable":true,"href":"https:\/\/planosdesaudeamil.com.br\/amilempresa\/wp-json\/wp\/v2\/categories?post=58"},{"taxonomy":"post_tag","embeddable":true,"href":"https:\/\/planosdesaudeamil.com.br\/amilempresa\/wp-json\/wp\/v2\/tags?post=58"}],"curies":[{"name":"wp","href":"https:\/\/api.w.org\/{rel}","templated":true}]}}