{"id":506,"date":"2025-12-11T10:38:25","date_gmt":"2025-12-11T13:38:25","guid":{"rendered":"https:\/\/planosdesaudeamil.com.br\/amilempresa\/?p=506"},"modified":"2025-12-11T10:41:30","modified_gmt":"2025-12-11T13:41:30","slug":"7-passos-contratar-amil-empresa","status":"publish","type":"post","link":"https:\/\/planosdesaudeamil.com.br\/amilempresa\/7-passos-contratar-amil-empresa\/","title":{"rendered":"7 passos para contratar a Amil empresa"},"content":{"rendered":"\n<p>Antes disso, \u00e9 importante entender que <strong>contratar a Amil empresa<\/strong> exige aten\u00e7\u00e3o a alguns detalhes para garantir que sua empresa escolha o plano mais adequado ao perfil dos colaboradores. Assim, o primeiro passo \u00e9 identificar a real necessidade da equipe: n\u00famero de vidas, faixa et\u00e1ria, frequ\u00eancia de utiliza\u00e7\u00e3o e prefer\u00eancias de rede. Ou seja, entender o cen\u00e1rio atual facilita a escolha do plano ideal e evita contrata\u00e7\u00f5es inadequadas.<\/p>\n\n\n\n<p>O segundo passo \u00e9 solicitar uma cota\u00e7\u00e3o detalhada com a Consult Vida corretora, especializada em <strong><a href=\"https:\/\/planosdesaudeamil.com.br\/\">planos de sa\u00fade Amil<\/a><\/strong>. Dessa forma, sua empresa recebe comparativos completos entre as linhas Amil F\u00e1cil, Amil Sa\u00fade e Amil One, permitindo avaliar rede, car\u00eancias e valores. Ainda, o terceiro passo envolve analisar atentamente a abrang\u00eancia, principalmente se a empresa precisa de cobertura regional ou nacional. Por isso, empresas com colaboradores que viajam ou atuam em diferentes estados devem considerar a rede nacional.<\/p>\n\n\n\n<p>No quarto passo, \u00e9 hora de verificar benef\u00edcios adicionais oferecidos pela Amil, como programas de preven\u00e7\u00e3o, telemedicina e descontos em farm\u00e1cias. Somado a isso, o quinto passo consiste em confirmar a documenta\u00e7\u00e3o necess\u00e1ria: CNPJ ativo, contrato social e informa\u00e7\u00f5es dos colaboradores. Assim, o processo de contrata\u00e7\u00e3o ocorre com mais rapidez e seguran\u00e7a. Ainda, o sexto passo \u00e9 revisar as condi\u00e7\u00f5es comerciais e eventuais campanhas ou descontos vigentes no momento da contrata\u00e7\u00e3o.<\/p>\n\n\n\n<p>Por fim, o s\u00e9timo passo \u00e9 concluir a ades\u00e3o com o suporte completo da Consult Vida, garantindo que todas as informa\u00e7\u00f5es estejam corretas e que a empresa aproveite todas as vantagens do plano escolhido. Portanto, seguir esses 7 passos torna a contrata\u00e7\u00e3o da Amil empresa muito mais simples e estrat\u00e9gica. Se sua empresa ou fam\u00edlia deseja saber mais sobre as op\u00e7\u00f5es, basta solicitar uma cota\u00e7\u00e3o personalizada e ter o aux\u00edlio de especialistas que conhecem profundamente os planos da Amil.<\/p>\n\n\n\n<h3 class=\"wp-block-heading\"><a href=\"https:\/\/planosdesaudeamil.com.br\/amilempresa\/\">Amil empresa vale a pena?<\/a><\/h3>\n\n\n\n<p>A <strong>Amil empresa<\/strong> vale a pena para companhias que buscam qualidade de atendimento, ampla rede credenciada e planos bem estruturados. Ou seja, a operadora oferece solu\u00e7\u00f5es para diferentes perfis de empresas, desde pequenas at\u00e9 grandes corpora\u00e7\u00f5es, garantindo custo-benef\u00edcio atrativo e bom desempenho assistencial. Ainda, os programas de preven\u00e7\u00e3o e a telemedicina refor\u00e7am o valor da contrata\u00e7\u00e3o, trazendo mais seguran\u00e7a e comodidade para os colaboradores.<\/p>\n\n\n\n<p>Por isso, a Amil empresarial costuma ser uma escolha acertada para quem deseja um plano completo e reconhecido no mercado. Dessa forma, ao avaliar rede, tabela de pre\u00e7os e diferentes linhas oferecidas, fica claro que a operadora entrega um pacote competitivo. Portanto, sim, a <strong>Amil empresa<\/strong> vale a pena \u2014 especialmente quando contratada com orienta\u00e7\u00e3o especializada da Consult Vida.<\/p>\n\n\n\n<h3 class=\"wp-block-heading\">Consigo contratar a Amil empresa com desconto?<\/h3>\n\n\n\n<p>Sim, em muitos casos \u00e9 poss\u00edvel <strong>contratar a Amil empresa<\/strong> com desconto, dependendo das campanhas comerciais vigentes e do perfil da empresa. Antes disso, \u00e9 importante contar com uma corretora especializada como a Consult Vida, que acompanha diariamente as condi\u00e7\u00f5es liberadas pela operadora. Assim, conseguimos identificar oportunidades, reduzir custos e oferecer planos mais vantajosos tanto para empresas quanto para fam\u00edlias que utilizam CNPJ.<\/p>\n\n\n\n<p>Somado a isso, os descontos podem variar conforme o n\u00famero de vidas, linha escolhida ou negocia\u00e7\u00f5es diretas com a operadora. Ou seja, contar com orienta\u00e7\u00e3o profissional faz toda a diferen\u00e7a na busca pelo melhor pre\u00e7o. Portanto, se voc\u00ea deseja economizar e ainda garantir um plano de sa\u00fade de qualidade, solicite uma cota\u00e7\u00e3o com a Consult Vida e veja quais descontos est\u00e3o dispon\u00edveis no momento.<\/p>\n\n\n\n<h2 class=\"wp-block-heading\">Amil empresa (contrate aqui)<\/h2>\n\n\n\n<figure class=\"wp-block-image size-full\"><a href=\"https:\/\/api.whatsapp.com\/send?phone=5511969670055&amp;text=Simular Amil Empresa\"><img loading=\"lazy\" decoding=\"async\" width=\"1000\" height=\"667\" src=\"http:\/\/planosdesaudeamil.com.br\/amilempresa\/wp-content\/uploads\/2025\/10\/amil-contato.jpg\" alt=\"Amil empresa\" class=\"wp-image-40\" srcset=\"https:\/\/planosdesaudeamil.com.br\/amilempresa\/wp-content\/uploads\/2025\/10\/amil-contato.jpg 1000w, https:\/\/planosdesaudeamil.com.br\/amilempresa\/wp-content\/uploads\/2025\/10\/amil-contato-300x200.jpg 300w, https:\/\/planosdesaudeamil.com.br\/amilempresa\/wp-content\/uploads\/2025\/10\/amil-contato-768x512.jpg 768w\" sizes=\"auto, (max-width: 1000px) 100vw, 1000px\" \/><\/a><\/figure>\n\n\n\n<p>Preencha o formul\u00e1rio abaixo, e receba em seu e-mail em poucos minutos, as tabelas de pre\u00e7os dos&nbsp;<strong>planos Amil empresarial<\/strong>.<\/p>\n\n\n\n<style id=\"wpforms-css-vars-6\">\n\t\t\t\t#wpforms-6 {\n\t\t\t\t--wpforms-container-padding: 0px;\n--wpforms-container-border-width: 1px;\n--wpforms-container-border-radius: 3px;\n--wpforms-background-color: rgba(0, 0, 0, 0);\n--wpforms-field-size-input-height: 43px;\n--wpforms-field-size-input-spacing: 15px;\n--wpforms-field-size-font-size: 16px;\n--wpforms-field-size-line-height: 19px;\n--wpforms-field-size-padding-h: 14px;\n--wpforms-field-size-checkbox-size: 16px;\n--wpforms-field-size-sublabel-spacing: 5px;\n--wpforms-field-size-icon-size: 1;\n--wpforms-label-size-font-size: 16px;\n--wpforms-label-size-line-height: 19px;\n--wpforms-label-size-sublabel-font-size: 14px;\n--wpforms-label-size-sublabel-line-height: 17px;\n--wpforms-button-size-font-size: 17px;\n--wpforms-button-size-height: 41px;\n--wpforms-button-size-padding-h: 15px;\n--wpforms-button-size-margin-top: 10px;\n--wpforms-container-shadow-size-box-shadow: none;\n\t\t\t}\n\t\t\t<\/style><div class=\"wpforms-container wpforms-container-full wpforms-render-modern\" id=\"wpforms-6\"><form id=\"wpforms-form-6\" class=\"wpforms-validate wpforms-form wpforms-ajax-form\" data-formid=\"6\" method=\"post\" enctype=\"multipart\/form-data\" action=\"\/amilempresa\/wp-json\/wp\/v2\/posts\/506\" data-token=\"bfcb776eefba75728d1f2b36f1f2c3b4\" data-token-time=\"1777303058\"><noscript class=\"wpforms-error-noscript\">Ative o JavaScript no seu navegador para preencher este formul\u00e1rio.<\/noscript><div id=\"wpforms-error-noscript\" style=\"display: none;\">Ative o JavaScript no seu navegador para preencher este formul\u00e1rio.<\/div><div class=\"wpforms-field-container\"><div id=\"wpforms-6-field_4-container\" class=\"wpforms-field wpforms-field-text\" data-field-id=\"4\"><label class=\"wpforms-field-label\" for=\"wpforms-6-field_4\">Nome <span class=\"wpforms-required-label\" aria-hidden=\"true\">*<\/span><\/label><input type=\"text\" id=\"wpforms-6-field_4\" class=\"wpforms-field-medium wpforms-field-required\" name=\"wpforms[fields][4]\" aria-errormessage=\"wpforms-6-field_4-error\" required><\/div><div id=\"wpforms-6-field_5-container\" class=\"wpforms-field wpforms-field-text\" data-field-id=\"5\"><label class=\"wpforms-field-label\" for=\"wpforms-6-field_5\">Cidade e Estado <span class=\"wpforms-required-label\" aria-hidden=\"true\">*<\/span><\/label><input type=\"text\" id=\"wpforms-6-field_5\" class=\"wpforms-field-medium wpforms-field-required\" name=\"wpforms[fields][5]\" aria-errormessage=\"wpforms-6-field_5-error\" required><\/div><div id=\"wpforms-6-field_6-container\" class=\"wpforms-field wpforms-field-text\" data-field-id=\"6\"><label class=\"wpforms-field-label\" for=\"wpforms-6-field_6\">Telefone <span class=\"wpforms-required-label\" aria-hidden=\"true\">*<\/span><\/label><input type=\"text\" id=\"wpforms-6-field_6\" class=\"wpforms-field-medium wpforms-field-required\" name=\"wpforms[fields][6]\" aria-errormessage=\"wpforms-6-field_6-error\" required><\/div><div id=\"wpforms-6-field_2-container\" class=\"wpforms-field wpforms-field-email\" data-field-id=\"2\"><label class=\"wpforms-field-label\" for=\"wpforms-6-field_2\">E-mail <span class=\"wpforms-required-label\" aria-hidden=\"true\">*<\/span><\/label><input type=\"email\" id=\"wpforms-6-field_2\" class=\"wpforms-field-medium wpforms-field-required\" name=\"wpforms[fields][2]\" spellcheck=\"false\" aria-errormessage=\"wpforms-6-field_2-error\" required><\/div><div id=\"wpforms-6-field_7-container\" class=\"wpforms-field wpforms-field-text\" data-field-id=\"7\"><label class=\"wpforms-field-label\" for=\"wpforms-6-field_7\">Idade das vidas <span class=\"wpforms-required-label\" aria-hidden=\"true\">*<\/span><\/label><input type=\"text\" id=\"wpforms-6-field_7\" class=\"wpforms-field-medium wpforms-field-required\" name=\"wpforms[fields][7]\" aria-errormessage=\"wpforms-6-field_7-error\" required><\/div>\t\t<div id=\"wpforms-6-field_1-container\"\n\t\t\tclass=\"wpforms-field wpforms-field-text\"\n\t\t\tdata-field-type=\"text\"\n\t\t\tdata-field-id=\"1\"\n\t\t\t>\n\t\t\t<label class=\"wpforms-field-label\" for=\"wpforms-6-field_1\" >Nome se Descreva<\/label>\n\t\t\t<input type=\"text\" id=\"wpforms-6-field_1\" class=\"wpforms-field-medium\" name=\"wpforms[fields][1]\" >\n\t\t<\/div>\n\t\t<div id=\"wpforms-6-field_8-container\" class=\"wpforms-field wpforms-field-text\" data-field-id=\"8\"><label class=\"wpforms-field-label\" for=\"wpforms-6-field_8\">Informar se \u00e9 plano empresarial ou pessoa f\u00edsica <span class=\"wpforms-required-label\" aria-hidden=\"true\">*<\/span><\/label><input type=\"text\" id=\"wpforms-6-field_8\" class=\"wpforms-field-medium wpforms-field-required\" name=\"wpforms[fields][8]\" aria-errormessage=\"wpforms-6-field_8-error\" required><\/div><div id=\"wpforms-6-field_3-container\" class=\"wpforms-field wpforms-field-textarea\" data-field-id=\"3\"><label class=\"wpforms-field-label\" for=\"wpforms-6-field_3\">Descreva suas necessidades e coment\u00e1rio <span class=\"wpforms-required-label\" aria-hidden=\"true\">*<\/span><\/label><textarea id=\"wpforms-6-field_3\" class=\"wpforms-field-medium wpforms-field-required\" name=\"wpforms[fields][3]\" aria-errormessage=\"wpforms-6-field_3-error\" required><\/textarea><\/div><script>\n\t\t\t\t( function() {\n\t\t\t\t\tconst style = document.createElement( 'style' );\n\t\t\t\t\tstyle.appendChild( document.createTextNode( '#wpforms-6-field_1-container { position: absolute !important; overflow: hidden !important; display: inline !important; height: 1px !important; width: 1px !important; z-index: -1000 !important; padding: 0 !important; } #wpforms-6-field_1-container input { visibility: hidden; } #wpforms-conversational-form-page #wpforms-6-field_1-container label { counter-increment: none; }' ) );\n\t\t\t\t\tdocument.head.appendChild( style );\n\t\t\t\t\tdocument.currentScript?.remove();\n\t\t\t\t} )();\n\t\t\t<\/script><\/div><!-- .wpforms-field-container --><div class=\"wpforms-submit-container\" ><input type=\"hidden\" name=\"wpforms[id]\" value=\"6\"><input type=\"hidden\" name=\"page_title\" value=\"\"><input type=\"hidden\" name=\"page_url\" value=\"https:\/\/planosdesaudeamil.com.br\/amilempresa\/wp-json\/wp\/v2\/posts\/506\"><input type=\"hidden\" name=\"url_referer\" value=\"\"><button type=\"submit\" name=\"wpforms[submit]\" id=\"wpforms-submit-6\" class=\"wpforms-submit\" data-alt-text=\"Enviando\u2026\" data-submit-text=\"Enviar\" aria-live=\"assertive\" value=\"wpforms-submit\">Enviar<\/button><img loading=\"lazy\" decoding=\"async\" src=\"https:\/\/planosdesaudeamil.com.br\/amilempresa\/wp-content\/plugins\/wpforms-lite\/assets\/images\/submit-spin.svg\" class=\"wpforms-submit-spinner\" style=\"display: none;\" width=\"26\" height=\"26\" alt=\"Carregando\"><\/div><\/form><\/div>  <!-- .wpforms-container -->\n","protected":false},"excerpt":{"rendered":"<p>Antes disso, \u00e9 importante entender que contratar a Amil empresa exige aten\u00e7\u00e3o a alguns detalhes [&hellip;]<\/p>\n","protected":false},"author":1,"featured_media":310,"comment_status":"closed","ping_status":"closed","sticky":false,"template":"","format":"standard","meta":{"footnotes":""},"categories":[6],"tags":[],"class_list":["post-506","post","type-post","status-publish","format-standard","has-post-thumbnail","hentry","category-amil-empresa"],"yoast_head":"<!-- This site is optimized with the Yoast SEO plugin v26.0 - https:\/\/yoast.com\/wordpress\/plugins\/seo\/ -->\n<title>7 passos para contratar a Amil empresa<\/title>\n<meta name=\"description\" content=\"\u00c9 importante entender que contratar a Amil empresa exige aten\u00e7\u00e3o a alguns detalhes para garantir o plano Amil mais adequado.\" \/>\n<meta name=\"robots\" content=\"index, follow, max-snippet:-1, max-image-preview:large, max-video-preview:-1\" \/>\n<link rel=\"canonical\" href=\"https:\/\/planosdesaudeamil.com.br\/amilempresa\/7-passos-contratar-amil-empresa\/\" \/>\n<meta property=\"og:locale\" content=\"pt_BR\" \/>\n<meta property=\"og:type\" content=\"article\" \/>\n<meta property=\"og:title\" content=\"7 passos para contratar a Amil empresa\" \/>\n<meta property=\"og:description\" content=\"\u00c9 importante entender que contratar a Amil empresa exige aten\u00e7\u00e3o a alguns detalhes para garantir o plano Amil mais adequado.\" \/>\n<meta property=\"og:url\" content=\"https:\/\/planosdesaudeamil.com.br\/amilempresa\/7-passos-contratar-amil-empresa\/\" \/>\n<meta property=\"og:site_name\" content=\"AMIL EMPRESA\" \/>\n<meta property=\"article:published_time\" content=\"2025-12-11T13:38:25+00:00\" \/>\n<meta property=\"article:modified_time\" content=\"2025-12-11T13:41:30+00:00\" \/>\n<meta property=\"og:image\" content=\"http:\/\/planosdesaudeamil.com.br\/amilempresa\/wp-content\/uploads\/2025\/10\/amil-sao-jose-campos.jpg\" \/>\n\t<meta property=\"og:image:width\" content=\"800\" \/>\n\t<meta property=\"og:image:height\" content=\"533\" \/>\n\t<meta property=\"og:image:type\" content=\"image\/jpeg\" \/>\n<meta name=\"author\" content=\"planosdesaudeamil\" \/>\n<meta name=\"twitter:card\" content=\"summary_large_image\" \/>\n<meta name=\"twitter:label1\" content=\"Escrito por\" \/>\n\t<meta name=\"twitter:data1\" content=\"planosdesaudeamil\" \/>\n\t<meta name=\"twitter:label2\" content=\"Est. tempo de leitura\" \/>\n\t<meta name=\"twitter:data2\" content=\"4 minutos\" \/>\n<script type=\"application\/ld+json\" class=\"yoast-schema-graph\">{\"@context\":\"https:\/\/schema.org\",\"@graph\":[{\"@type\":\"Article\",\"@id\":\"https:\/\/planosdesaudeamil.com.br\/amilempresa\/7-passos-contratar-amil-empresa\/#article\",\"isPartOf\":{\"@id\":\"https:\/\/planosdesaudeamil.com.br\/amilempresa\/7-passos-contratar-amil-empresa\/\"},\"author\":{\"name\":\"planosdesaudeamil\",\"@id\":\"https:\/\/planosdesaudeamil.com.br\/amilempresa\/#\/schema\/person\/3fc548a2d874c328fc3ed921ac47e56e\"},\"headline\":\"7 passos para contratar a Amil empresa\",\"datePublished\":\"2025-12-11T13:38:25+00:00\",\"dateModified\":\"2025-12-11T13:41:30+00:00\",\"mainEntityOfPage\":{\"@id\":\"https:\/\/planosdesaudeamil.com.br\/amilempresa\/7-passos-contratar-amil-empresa\/\"},\"wordCount\":637,\"publisher\":{\"@id\":\"https:\/\/planosdesaudeamil.com.br\/amilempresa\/#organization\"},\"image\":{\"@id\":\"https:\/\/planosdesaudeamil.com.br\/amilempresa\/7-passos-contratar-amil-empresa\/#primaryimage\"},\"thumbnailUrl\":\"https:\/\/planosdesaudeamil.com.br\/amilempresa\/wp-content\/uploads\/2025\/10\/amil-sao-jose-campos.jpg\",\"articleSection\":[\"Amil empresa\"],\"inLanguage\":\"pt-BR\"},{\"@type\":\"WebPage\",\"@id\":\"https:\/\/planosdesaudeamil.com.br\/amilempresa\/7-passos-contratar-amil-empresa\/\",\"url\":\"https:\/\/planosdesaudeamil.com.br\/amilempresa\/7-passos-contratar-amil-empresa\/\",\"name\":\"7 passos para contratar a Amil empresa\",\"isPartOf\":{\"@id\":\"https:\/\/planosdesaudeamil.com.br\/amilempresa\/#website\"},\"primaryImageOfPage\":{\"@id\":\"https:\/\/planosdesaudeamil.com.br\/amilempresa\/7-passos-contratar-amil-empresa\/#primaryimage\"},\"image\":{\"@id\":\"https:\/\/planosdesaudeamil.com.br\/amilempresa\/7-passos-contratar-amil-empresa\/#primaryimage\"},\"thumbnailUrl\":\"https:\/\/planosdesaudeamil.com.br\/amilempresa\/wp-content\/uploads\/2025\/10\/amil-sao-jose-campos.jpg\",\"datePublished\":\"2025-12-11T13:38:25+00:00\",\"dateModified\":\"2025-12-11T13:41:30+00:00\",\"description\":\"\u00c9 importante entender que contratar a Amil empresa exige aten\u00e7\u00e3o a alguns detalhes para garantir o plano Amil mais adequado.\",\"breadcrumb\":{\"@id\":\"https:\/\/planosdesaudeamil.com.br\/amilempresa\/7-passos-contratar-amil-empresa\/#breadcrumb\"},\"inLanguage\":\"pt-BR\",\"potentialAction\":[{\"@type\":\"ReadAction\",\"target\":[\"https:\/\/planosdesaudeamil.com.br\/amilempresa\/7-passos-contratar-amil-empresa\/\"]}]},{\"@type\":\"ImageObject\",\"inLanguage\":\"pt-BR\",\"@id\":\"https:\/\/planosdesaudeamil.com.br\/amilempresa\/7-passos-contratar-amil-empresa\/#primaryimage\",\"url\":\"https:\/\/planosdesaudeamil.com.br\/amilempresa\/wp-content\/uploads\/2025\/10\/amil-sao-jose-campos.jpg\",\"contentUrl\":\"https:\/\/planosdesaudeamil.com.br\/amilempresa\/wp-content\/uploads\/2025\/10\/amil-sao-jose-campos.jpg\",\"width\":800,\"height\":533},{\"@type\":\"BreadcrumbList\",\"@id\":\"https:\/\/planosdesaudeamil.com.br\/amilempresa\/7-passos-contratar-amil-empresa\/#breadcrumb\",\"itemListElement\":[{\"@type\":\"ListItem\",\"position\":1,\"name\":\"Home\",\"item\":\"https:\/\/planosdesaudeamil.com.br\/amilempresa\/\"},{\"@type\":\"ListItem\",\"position\":2,\"name\":\"7 passos para contratar a Amil empresa\"}]},{\"@type\":\"WebSite\",\"@id\":\"https:\/\/planosdesaudeamil.com.br\/amilempresa\/#website\",\"url\":\"https:\/\/planosdesaudeamil.com.br\/amilempresa\/\",\"name\":\"AMIL EMPRESA\",\"description\":\"Conhe\u00e7a os planos de sa\u00fade Amil empresarial\",\"publisher\":{\"@id\":\"https:\/\/planosdesaudeamil.com.br\/amilempresa\/#organization\"},\"potentialAction\":[{\"@type\":\"SearchAction\",\"target\":{\"@type\":\"EntryPoint\",\"urlTemplate\":\"https:\/\/planosdesaudeamil.com.br\/amilempresa\/?s={search_term_string}\"},\"query-input\":{\"@type\":\"PropertyValueSpecification\",\"valueRequired\":true,\"valueName\":\"search_term_string\"}}],\"inLanguage\":\"pt-BR\"},{\"@type\":\"Organization\",\"@id\":\"https:\/\/planosdesaudeamil.com.br\/amilempresa\/#organization\",\"name\":\"AMIL EMPRESA\",\"url\":\"https:\/\/planosdesaudeamil.com.br\/amilempresa\/\",\"logo\":{\"@type\":\"ImageObject\",\"inLanguage\":\"pt-BR\",\"@id\":\"https:\/\/planosdesaudeamil.com.br\/amilempresa\/#\/schema\/logo\/image\/\",\"url\":\"https:\/\/planosdesaudeamil.com.br\/amilempresa\/wp-content\/uploads\/2025\/10\/logo-amil.jpg\",\"contentUrl\":\"https:\/\/planosdesaudeamil.com.br\/amilempresa\/wp-content\/uploads\/2025\/10\/logo-amil.jpg\",\"width\":471,\"height\":115,\"caption\":\"AMIL EMPRESA\"},\"image\":{\"@id\":\"https:\/\/planosdesaudeamil.com.br\/amilempresa\/#\/schema\/logo\/image\/\"}},{\"@type\":\"Person\",\"@id\":\"https:\/\/planosdesaudeamil.com.br\/amilempresa\/#\/schema\/person\/3fc548a2d874c328fc3ed921ac47e56e\",\"name\":\"planosdesaudeamil\",\"image\":{\"@type\":\"ImageObject\",\"inLanguage\":\"pt-BR\",\"@id\":\"https:\/\/planosdesaudeamil.com.br\/amilempresa\/#\/schema\/person\/image\/\",\"url\":\"https:\/\/secure.gravatar.com\/avatar\/7acdf4dd93d65d3ff07b554ff9af88f71a615ee75978c2b62fa15b7732ddd01c?s=96&d=mm&r=g\",\"contentUrl\":\"https:\/\/secure.gravatar.com\/avatar\/7acdf4dd93d65d3ff07b554ff9af88f71a615ee75978c2b62fa15b7732ddd01c?s=96&d=mm&r=g\",\"caption\":\"planosdesaudeamil\"},\"sameAs\":[\"https:\/\/planosdesaudeamil.com.br\/amilempresa\"],\"url\":\"https:\/\/planosdesaudeamil.com.br\/amilempresa\/author\/planosdesaudeamil\/\"}]}<\/script>\n<!-- \/ Yoast SEO plugin. -->","yoast_head_json":{"title":"7 passos para contratar a Amil empresa","description":"\u00c9 importante entender que contratar a Amil empresa exige aten\u00e7\u00e3o a alguns detalhes para garantir o plano Amil mais adequado.","robots":{"index":"index","follow":"follow","max-snippet":"max-snippet:-1","max-image-preview":"max-image-preview:large","max-video-preview":"max-video-preview:-1"},"canonical":"https:\/\/planosdesaudeamil.com.br\/amilempresa\/7-passos-contratar-amil-empresa\/","og_locale":"pt_BR","og_type":"article","og_title":"7 passos para contratar a Amil empresa","og_description":"\u00c9 importante entender que contratar a Amil empresa exige aten\u00e7\u00e3o a alguns detalhes para garantir o plano Amil mais adequado.","og_url":"https:\/\/planosdesaudeamil.com.br\/amilempresa\/7-passos-contratar-amil-empresa\/","og_site_name":"AMIL EMPRESA","article_published_time":"2025-12-11T13:38:25+00:00","article_modified_time":"2025-12-11T13:41:30+00:00","og_image":[{"width":800,"height":533,"url":"http:\/\/planosdesaudeamil.com.br\/amilempresa\/wp-content\/uploads\/2025\/10\/amil-sao-jose-campos.jpg","type":"image\/jpeg"}],"author":"planosdesaudeamil","twitter_card":"summary_large_image","twitter_misc":{"Escrito por":"planosdesaudeamil","Est. tempo de leitura":"4 minutos"},"schema":{"@context":"https:\/\/schema.org","@graph":[{"@type":"Article","@id":"https:\/\/planosdesaudeamil.com.br\/amilempresa\/7-passos-contratar-amil-empresa\/#article","isPartOf":{"@id":"https:\/\/planosdesaudeamil.com.br\/amilempresa\/7-passos-contratar-amil-empresa\/"},"author":{"name":"planosdesaudeamil","@id":"https:\/\/planosdesaudeamil.com.br\/amilempresa\/#\/schema\/person\/3fc548a2d874c328fc3ed921ac47e56e"},"headline":"7 passos para contratar a Amil empresa","datePublished":"2025-12-11T13:38:25+00:00","dateModified":"2025-12-11T13:41:30+00:00","mainEntityOfPage":{"@id":"https:\/\/planosdesaudeamil.com.br\/amilempresa\/7-passos-contratar-amil-empresa\/"},"wordCount":637,"publisher":{"@id":"https:\/\/planosdesaudeamil.com.br\/amilempresa\/#organization"},"image":{"@id":"https:\/\/planosdesaudeamil.com.br\/amilempresa\/7-passos-contratar-amil-empresa\/#primaryimage"},"thumbnailUrl":"https:\/\/planosdesaudeamil.com.br\/amilempresa\/wp-content\/uploads\/2025\/10\/amil-sao-jose-campos.jpg","articleSection":["Amil empresa"],"inLanguage":"pt-BR"},{"@type":"WebPage","@id":"https:\/\/planosdesaudeamil.com.br\/amilempresa\/7-passos-contratar-amil-empresa\/","url":"https:\/\/planosdesaudeamil.com.br\/amilempresa\/7-passos-contratar-amil-empresa\/","name":"7 passos para contratar a Amil empresa","isPartOf":{"@id":"https:\/\/planosdesaudeamil.com.br\/amilempresa\/#website"},"primaryImageOfPage":{"@id":"https:\/\/planosdesaudeamil.com.br\/amilempresa\/7-passos-contratar-amil-empresa\/#primaryimage"},"image":{"@id":"https:\/\/planosdesaudeamil.com.br\/amilempresa\/7-passos-contratar-amil-empresa\/#primaryimage"},"thumbnailUrl":"https:\/\/planosdesaudeamil.com.br\/amilempresa\/wp-content\/uploads\/2025\/10\/amil-sao-jose-campos.jpg","datePublished":"2025-12-11T13:38:25+00:00","dateModified":"2025-12-11T13:41:30+00:00","description":"\u00c9 importante entender que contratar a Amil empresa exige aten\u00e7\u00e3o a alguns detalhes para garantir o plano Amil mais adequado.","breadcrumb":{"@id":"https:\/\/planosdesaudeamil.com.br\/amilempresa\/7-passos-contratar-amil-empresa\/#breadcrumb"},"inLanguage":"pt-BR","potentialAction":[{"@type":"ReadAction","target":["https:\/\/planosdesaudeamil.com.br\/amilempresa\/7-passos-contratar-amil-empresa\/"]}]},{"@type":"ImageObject","inLanguage":"pt-BR","@id":"https:\/\/planosdesaudeamil.com.br\/amilempresa\/7-passos-contratar-amil-empresa\/#primaryimage","url":"https:\/\/planosdesaudeamil.com.br\/amilempresa\/wp-content\/uploads\/2025\/10\/amil-sao-jose-campos.jpg","contentUrl":"https:\/\/planosdesaudeamil.com.br\/amilempresa\/wp-content\/uploads\/2025\/10\/amil-sao-jose-campos.jpg","width":800,"height":533},{"@type":"BreadcrumbList","@id":"https:\/\/planosdesaudeamil.com.br\/amilempresa\/7-passos-contratar-amil-empresa\/#breadcrumb","itemListElement":[{"@type":"ListItem","position":1,"name":"Home","item":"https:\/\/planosdesaudeamil.com.br\/amilempresa\/"},{"@type":"ListItem","position":2,"name":"7 passos para contratar a Amil empresa"}]},{"@type":"WebSite","@id":"https:\/\/planosdesaudeamil.com.br\/amilempresa\/#website","url":"https:\/\/planosdesaudeamil.com.br\/amilempresa\/","name":"AMIL EMPRESA","description":"Conhe\u00e7a os planos de sa\u00fade Amil empresarial","publisher":{"@id":"https:\/\/planosdesaudeamil.com.br\/amilempresa\/#organization"},"potentialAction":[{"@type":"SearchAction","target":{"@type":"EntryPoint","urlTemplate":"https:\/\/planosdesaudeamil.com.br\/amilempresa\/?s={search_term_string}"},"query-input":{"@type":"PropertyValueSpecification","valueRequired":true,"valueName":"search_term_string"}}],"inLanguage":"pt-BR"},{"@type":"Organization","@id":"https:\/\/planosdesaudeamil.com.br\/amilempresa\/#organization","name":"AMIL EMPRESA","url":"https:\/\/planosdesaudeamil.com.br\/amilempresa\/","logo":{"@type":"ImageObject","inLanguage":"pt-BR","@id":"https:\/\/planosdesaudeamil.com.br\/amilempresa\/#\/schema\/logo\/image\/","url":"https:\/\/planosdesaudeamil.com.br\/amilempresa\/wp-content\/uploads\/2025\/10\/logo-amil.jpg","contentUrl":"https:\/\/planosdesaudeamil.com.br\/amilempresa\/wp-content\/uploads\/2025\/10\/logo-amil.jpg","width":471,"height":115,"caption":"AMIL EMPRESA"},"image":{"@id":"https:\/\/planosdesaudeamil.com.br\/amilempresa\/#\/schema\/logo\/image\/"}},{"@type":"Person","@id":"https:\/\/planosdesaudeamil.com.br\/amilempresa\/#\/schema\/person\/3fc548a2d874c328fc3ed921ac47e56e","name":"planosdesaudeamil","image":{"@type":"ImageObject","inLanguage":"pt-BR","@id":"https:\/\/planosdesaudeamil.com.br\/amilempresa\/#\/schema\/person\/image\/","url":"https:\/\/secure.gravatar.com\/avatar\/7acdf4dd93d65d3ff07b554ff9af88f71a615ee75978c2b62fa15b7732ddd01c?s=96&d=mm&r=g","contentUrl":"https:\/\/secure.gravatar.com\/avatar\/7acdf4dd93d65d3ff07b554ff9af88f71a615ee75978c2b62fa15b7732ddd01c?s=96&d=mm&r=g","caption":"planosdesaudeamil"},"sameAs":["https:\/\/planosdesaudeamil.com.br\/amilempresa"],"url":"https:\/\/planosdesaudeamil.com.br\/amilempresa\/author\/planosdesaudeamil\/"}]}},"_links":{"self":[{"href":"https:\/\/planosdesaudeamil.com.br\/amilempresa\/wp-json\/wp\/v2\/posts\/506","targetHints":{"allow":["GET"]}}],"collection":[{"href":"https:\/\/planosdesaudeamil.com.br\/amilempresa\/wp-json\/wp\/v2\/posts"}],"about":[{"href":"https:\/\/planosdesaudeamil.com.br\/amilempresa\/wp-json\/wp\/v2\/types\/post"}],"author":[{"embeddable":true,"href":"https:\/\/planosdesaudeamil.com.br\/amilempresa\/wp-json\/wp\/v2\/users\/1"}],"replies":[{"embeddable":true,"href":"https:\/\/planosdesaudeamil.com.br\/amilempresa\/wp-json\/wp\/v2\/comments?post=506"}],"version-history":[{"count":3,"href":"https:\/\/planosdesaudeamil.com.br\/amilempresa\/wp-json\/wp\/v2\/posts\/506\/revisions"}],"predecessor-version":[{"id":511,"href":"https:\/\/planosdesaudeamil.com.br\/amilempresa\/wp-json\/wp\/v2\/posts\/506\/revisions\/511"}],"wp:featuredmedia":[{"embeddable":true,"href":"https:\/\/planosdesaudeamil.com.br\/amilempresa\/wp-json\/wp\/v2\/media\/310"}],"wp:attachment":[{"href":"https:\/\/planosdesaudeamil.com.br\/amilempresa\/wp-json\/wp\/v2\/media?parent=506"}],"wp:term":[{"taxonomy":"category","embeddable":true,"href":"https:\/\/planosdesaudeamil.com.br\/amilempresa\/wp-json\/wp\/v2\/categories?post=506"},{"taxonomy":"post_tag","embeddable":true,"href":"https:\/\/planosdesaudeamil.com.br\/amilempresa\/wp-json\/wp\/v2\/tags?post=506"}],"curies":[{"name":"wp","href":"https:\/\/api.w.org\/{rel}","templated":true}]}}