{"id":37,"date":"2025-10-01T23:59:36","date_gmt":"2025-10-02T02:59:36","guid":{"rendered":"https:\/\/planosdesaudeamil.com.br\/amilempresa\/?p=37"},"modified":"2025-10-02T00:14:19","modified_gmt":"2025-10-02T03:14:19","slug":"amil-empresa-sao-paulo","status":"publish","type":"post","link":"https:\/\/planosdesaudeamil.com.br\/amilempresa\/amil-empresa-sao-paulo\/","title":{"rendered":"Amil empresa S\u00e3o Paulo"},"content":{"rendered":"\n<p>Para sua empresa que busca pelo plano de sa\u00fade <strong>Amil empresa em S\u00e3o Paulo<\/strong>, conhe\u00e7a as linhas e benef\u00edcios da operadora.<\/p>\n\n\n\n<p>S\u00e3o Paulo \u00e9 o cora\u00e7\u00e3o pulsante dos neg\u00f3cios no Brasil, e \u00e9 naturalmente uma das regi\u00f5es com maior demanda por planos empresariais de sa\u00fade premium como os da Amil. Na capital paulista, empresas de todos os tamanhos reconhecem a import\u00e2ncia de oferecer planos que garantam atendimento r\u00e1pido em hospitais renomados, acesso a cl\u00ednicas de ponta, exames de alta complexidade e um suporte robusto \u2014 tudo isso que a <strong>Amil empresa em S\u00e3o Paulo<\/strong> oferece com sua rede credenciada de alto n\u00edvel. A flexibilidade de cobertura e as in\u00fameras op\u00e7\u00f5es de planos empresariais tornam a Amil uma escolha estrat\u00e9gica para empresas que querem manter seus colaboradores saud\u00e1veis e satisfeitos.<\/p>\n\n\n\n<p>Outro ponto que impulsiona a popularidade da <strong>Amil em S\u00e3o Paulo<\/strong> \u00e9 o r\u00e1pido crescimento na procura por planos que v\u00e3o al\u00e9m do b\u00e1sico: modelos com coparticipa\u00e7\u00e3o, planos premium como o Amil One, servi\u00e7os de telemedicina e programas de preven\u00e7\u00e3o em sa\u00fade. Com o mercado corporativo paulistano cada vez mais exigente, contar com uma operadora que entrega benef\u00edcios como reembolso, cobertura internacional e atendimento 24h em hospitais de excel\u00eancia se tornou diferencial competitivo para atrair e reter talentos. A Amil tem sabido atender essa demanda crescente, modernizando seus servi\u00e7os e ampliando sua infraestrutura na cidade.<\/p>\n\n\n\n<p>Por fim, a credibilidade da <strong>Amil empresa S\u00e3o Paulo<\/strong>: empresas, associa\u00e7\u00f5es empresariais e profissionais referenciam a operadora pela qualidade do atendimento, tempo de resposta e efici\u00eancia no processo de autoriza\u00e7\u00e3o de procedimentos. No cen\u00e1rio empresarial paulistano, onde os custos e expectativas s\u00e3o altos, escolher a Amil \u00e9 associar sua empresa a uma marca confi\u00e1vel, com hist\u00f3rico s\u00f3lido e bom \u00edndice de satisfa\u00e7\u00e3o. Al\u00e9m disso, oferecer plano de sa\u00fade <strong>Amil empresarial<\/strong> pode reduzir rotatividade e impactos com afastamentos, promovendo bem-estar, produtividade e valoriza\u00e7\u00e3o da equipe \u2014 algo que gestores em S\u00e3o Paulo cada vez mais reconhecem.<\/p>\n\n\n\n<h2 class=\"wp-block-heading\">Amil empresa S\u00e3o Paulo (SIMULE AQUI)<\/h2>\n\n\n\n<figure class=\"wp-block-image size-full\"><a href=\"https:\/\/api.whatsapp.com\/send?phone=5511969670055&amp;text=Simular Amil Empresa\"><img loading=\"lazy\" decoding=\"async\" width=\"1000\" height=\"667\" src=\"http:\/\/planosdesaudeamil.com.br\/amilempresa\/wp-content\/uploads\/2025\/10\/amil-contato.jpg\" alt=\"Amil empresa S\u00e3o Paulo\" class=\"wp-image-40\" srcset=\"https:\/\/planosdesaudeamil.com.br\/amilempresa\/wp-content\/uploads\/2025\/10\/amil-contato.jpg 1000w, https:\/\/planosdesaudeamil.com.br\/amilempresa\/wp-content\/uploads\/2025\/10\/amil-contato-300x200.jpg 300w, https:\/\/planosdesaudeamil.com.br\/amilempresa\/wp-content\/uploads\/2025\/10\/amil-contato-768x512.jpg 768w\" sizes=\"auto, (max-width: 1000px) 100vw, 1000px\" \/><\/a><\/figure>\n\n\n\n<p>Preencha o formul\u00e1rio abaixo, e receba em seu e-mail em poucos minutos, as tabelas de pre\u00e7os dos&nbsp;<strong>planos Amil empresarial<\/strong>.<\/p>\n\n\n\n<style id=\"wpforms-css-vars-6\">\n\t\t\t\t#wpforms-6 {\n\t\t\t\t--wpforms-container-padding: 0px;\n--wpforms-container-border-width: 1px;\n--wpforms-container-border-radius: 3px;\n--wpforms-background-color: rgba(0, 0, 0, 0);\n--wpforms-field-size-input-height: 43px;\n--wpforms-field-size-input-spacing: 15px;\n--wpforms-field-size-font-size: 16px;\n--wpforms-field-size-line-height: 19px;\n--wpforms-field-size-padding-h: 14px;\n--wpforms-field-size-checkbox-size: 16px;\n--wpforms-field-size-sublabel-spacing: 5px;\n--wpforms-field-size-icon-size: 1;\n--wpforms-label-size-font-size: 16px;\n--wpforms-label-size-line-height: 19px;\n--wpforms-label-size-sublabel-font-size: 14px;\n--wpforms-label-size-sublabel-line-height: 17px;\n--wpforms-button-size-font-size: 17px;\n--wpforms-button-size-height: 41px;\n--wpforms-button-size-padding-h: 15px;\n--wpforms-button-size-margin-top: 10px;\n--wpforms-container-shadow-size-box-shadow: none;\n\t\t\t}\n\t\t\t<\/style><div class=\"wpforms-container wpforms-container-full wpforms-render-modern\" id=\"wpforms-6\"><form id=\"wpforms-form-6\" class=\"wpforms-validate wpforms-form wpforms-ajax-form\" data-formid=\"6\" method=\"post\" enctype=\"multipart\/form-data\" action=\"\/amilempresa\/wp-json\/wp\/v2\/posts\/37\" data-token=\"bfcb776eefba75728d1f2b36f1f2c3b4\" data-token-time=\"1777302676\"><noscript class=\"wpforms-error-noscript\">Ative o JavaScript no seu navegador para preencher este formul\u00e1rio.<\/noscript><div id=\"wpforms-error-noscript\" style=\"display: none;\">Ative o JavaScript no seu navegador para preencher este formul\u00e1rio.<\/div><div class=\"wpforms-field-container\"><div id=\"wpforms-6-field_4-container\" class=\"wpforms-field wpforms-field-text\" data-field-id=\"4\"><label class=\"wpforms-field-label\" for=\"wpforms-6-field_4\">Nome <span class=\"wpforms-required-label\" aria-hidden=\"true\">*<\/span><\/label><input type=\"text\" id=\"wpforms-6-field_4\" class=\"wpforms-field-medium wpforms-field-required\" name=\"wpforms[fields][4]\" aria-errormessage=\"wpforms-6-field_4-error\" required><\/div><div id=\"wpforms-6-field_5-container\" class=\"wpforms-field wpforms-field-text\" data-field-id=\"5\"><label class=\"wpforms-field-label\" for=\"wpforms-6-field_5\">Cidade e Estado <span class=\"wpforms-required-label\" aria-hidden=\"true\">*<\/span><\/label><input type=\"text\" id=\"wpforms-6-field_5\" class=\"wpforms-field-medium wpforms-field-required\" name=\"wpforms[fields][5]\" aria-errormessage=\"wpforms-6-field_5-error\" required><\/div>\t\t<div id=\"wpforms-6-field_1-container\"\n\t\t\tclass=\"wpforms-field wpforms-field-text\"\n\t\t\tdata-field-type=\"text\"\n\t\t\tdata-field-id=\"1\"\n\t\t\t>\n\t\t\t<label class=\"wpforms-field-label\" for=\"wpforms-6-field_1\" >ou \u00e9 Nome<\/label>\n\t\t\t<input type=\"text\" id=\"wpforms-6-field_1\" class=\"wpforms-field-medium\" name=\"wpforms[fields][1]\" >\n\t\t<\/div>\n\t\t<div id=\"wpforms-6-field_6-container\" class=\"wpforms-field wpforms-field-text\" data-field-id=\"6\"><label class=\"wpforms-field-label\" for=\"wpforms-6-field_6\">Telefone <span class=\"wpforms-required-label\" aria-hidden=\"true\">*<\/span><\/label><input type=\"text\" id=\"wpforms-6-field_6\" class=\"wpforms-field-medium wpforms-field-required\" name=\"wpforms[fields][6]\" aria-errormessage=\"wpforms-6-field_6-error\" required><\/div><div id=\"wpforms-6-field_2-container\" class=\"wpforms-field wpforms-field-email\" data-field-id=\"2\"><label class=\"wpforms-field-label\" for=\"wpforms-6-field_2\">E-mail <span class=\"wpforms-required-label\" aria-hidden=\"true\">*<\/span><\/label><input type=\"email\" id=\"wpforms-6-field_2\" class=\"wpforms-field-medium wpforms-field-required\" name=\"wpforms[fields][2]\" spellcheck=\"false\" aria-errormessage=\"wpforms-6-field_2-error\" required><\/div><div id=\"wpforms-6-field_7-container\" class=\"wpforms-field wpforms-field-text\" data-field-id=\"7\"><label class=\"wpforms-field-label\" for=\"wpforms-6-field_7\">Idade das vidas <span class=\"wpforms-required-label\" aria-hidden=\"true\">*<\/span><\/label><input type=\"text\" id=\"wpforms-6-field_7\" class=\"wpforms-field-medium wpforms-field-required\" name=\"wpforms[fields][7]\" aria-errormessage=\"wpforms-6-field_7-error\" required><\/div><div id=\"wpforms-6-field_8-container\" class=\"wpforms-field wpforms-field-text\" data-field-id=\"8\"><label class=\"wpforms-field-label\" for=\"wpforms-6-field_8\">Informar se \u00e9 plano empresarial ou pessoa f\u00edsica <span class=\"wpforms-required-label\" aria-hidden=\"true\">*<\/span><\/label><input type=\"text\" id=\"wpforms-6-field_8\" class=\"wpforms-field-medium wpforms-field-required\" name=\"wpforms[fields][8]\" aria-errormessage=\"wpforms-6-field_8-error\" required><\/div><div id=\"wpforms-6-field_3-container\" class=\"wpforms-field wpforms-field-textarea\" data-field-id=\"3\"><label class=\"wpforms-field-label\" for=\"wpforms-6-field_3\">Descreva suas necessidades e coment\u00e1rio <span class=\"wpforms-required-label\" aria-hidden=\"true\">*<\/span><\/label><textarea id=\"wpforms-6-field_3\" class=\"wpforms-field-medium wpforms-field-required\" name=\"wpforms[fields][3]\" aria-errormessage=\"wpforms-6-field_3-error\" required><\/textarea><\/div><script>\n\t\t\t\t( function() {\n\t\t\t\t\tconst style = document.createElement( 'style' );\n\t\t\t\t\tstyle.appendChild( document.createTextNode( '#wpforms-6-field_1-container { position: absolute !important; overflow: hidden !important; display: inline !important; height: 1px !important; width: 1px !important; z-index: -1000 !important; padding: 0 !important; } #wpforms-6-field_1-container input { visibility: hidden; } #wpforms-conversational-form-page #wpforms-6-field_1-container label { counter-increment: none; }' ) );\n\t\t\t\t\tdocument.head.appendChild( style );\n\t\t\t\t\tdocument.currentScript?.remove();\n\t\t\t\t} )();\n\t\t\t<\/script><\/div><!-- .wpforms-field-container --><div class=\"wpforms-submit-container\" ><input type=\"hidden\" name=\"wpforms[id]\" value=\"6\"><input type=\"hidden\" name=\"page_title\" value=\"\"><input type=\"hidden\" name=\"page_url\" value=\"https:\/\/planosdesaudeamil.com.br\/amilempresa\/wp-json\/wp\/v2\/posts\/37\"><input type=\"hidden\" name=\"url_referer\" value=\"\"><button type=\"submit\" name=\"wpforms[submit]\" id=\"wpforms-submit-6\" class=\"wpforms-submit\" data-alt-text=\"Enviando\u2026\" data-submit-text=\"Enviar\" aria-live=\"assertive\" value=\"wpforms-submit\">Enviar<\/button><img loading=\"lazy\" decoding=\"async\" src=\"https:\/\/planosdesaudeamil.com.br\/amilempresa\/wp-content\/plugins\/wpforms-lite\/assets\/images\/submit-spin.svg\" class=\"wpforms-submit-spinner\" style=\"display: none;\" width=\"26\" height=\"26\" alt=\"Carregando\"><\/div><\/form><\/div>  <!-- .wpforms-container -->\n\n\n\n<h2 class=\"wp-block-heading\"><a href=\"https:\/\/planosdesaudeamil.com.br\/amilempresa\/\">Amil empresa<\/a><\/h2>\n\n\n\n<p>O plano\u00a0<strong>Amil empresarial<\/strong>\u00a0costuma oferecer valores mais acess\u00edveis por benefici\u00e1rio, especialmente em contratos com mais de duas vidas, al\u00e9m de permitir uma contrata\u00e7\u00e3o com prazos de car\u00eancia reduzidos ou at\u00e9 isen\u00e7\u00e3o total, dependendo da negocia\u00e7\u00e3o.<\/p>\n\n\n\n<p>Simule em nosso site a <strong>Amil empresa<\/strong> e conhe\u00e7a as linhas da operadora com valores promocionais.<\/p>\n","protected":false},"excerpt":{"rendered":"<p>Para sua empresa que busca pelo plano de sa\u00fade Amil empresa em S\u00e3o Paulo, conhe\u00e7a [&hellip;]<\/p>\n","protected":false},"author":1,"featured_media":38,"comment_status":"closed","ping_status":"closed","sticky":false,"template":"","format":"standard","meta":{"footnotes":""},"categories":[6],"tags":[],"class_list":["post-37","post","type-post","status-publish","format-standard","has-post-thumbnail","hentry","category-amil-empresa"],"yoast_head":"<!-- This site is optimized with the Yoast SEO plugin v26.0 - https:\/\/yoast.com\/wordpress\/plugins\/seo\/ -->\n<title>Amil empresa S\u00e3o Paulo<\/title>\n<meta name=\"description\" content=\"Para sua empresa que busca pelo plano de sa\u00fade Amil empresa em S\u00e3o Paulo, conhe\u00e7a as linhas e benef\u00edcios da operadora.\" \/>\n<meta name=\"robots\" content=\"index, follow, max-snippet:-1, max-image-preview:large, max-video-preview:-1\" \/>\n<link rel=\"canonical\" href=\"https:\/\/planosdesaudeamil.com.br\/amilempresa\/amil-empresa-sao-paulo\/\" \/>\n<meta property=\"og:locale\" content=\"pt_BR\" \/>\n<meta property=\"og:type\" content=\"article\" \/>\n<meta property=\"og:title\" content=\"Amil empresa S\u00e3o Paulo\" \/>\n<meta property=\"og:description\" content=\"Para sua empresa que busca pelo plano de sa\u00fade Amil empresa em S\u00e3o Paulo, conhe\u00e7a as linhas e benef\u00edcios da operadora.\" \/>\n<meta property=\"og:url\" content=\"https:\/\/planosdesaudeamil.com.br\/amilempresa\/amil-empresa-sao-paulo\/\" \/>\n<meta property=\"og:site_name\" content=\"AMIL EMPRESA\" \/>\n<meta property=\"article:published_time\" content=\"2025-10-02T02:59:36+00:00\" \/>\n<meta property=\"article:modified_time\" content=\"2025-10-02T03:14:19+00:00\" \/>\n<meta property=\"og:image\" content=\"https:\/\/planosdesaudeamil.com.br\/amilempresa\/wp-content\/uploads\/2025\/10\/amil-empresa-saopaulo.jpg\" \/>\n\t<meta property=\"og:image:width\" content=\"900\" \/>\n\t<meta property=\"og:image:height\" content=\"600\" \/>\n\t<meta property=\"og:image:type\" content=\"image\/jpeg\" \/>\n<meta name=\"author\" content=\"planosdesaudeamil\" \/>\n<meta name=\"twitter:card\" content=\"summary_large_image\" \/>\n<meta name=\"twitter:label1\" content=\"Escrito por\" \/>\n\t<meta name=\"twitter:data1\" content=\"planosdesaudeamil\" \/>\n\t<meta name=\"twitter:label2\" content=\"Est. tempo de leitura\" \/>\n\t<meta name=\"twitter:data2\" content=\"3 minutos\" \/>\n<script type=\"application\/ld+json\" class=\"yoast-schema-graph\">{\"@context\":\"https:\/\/schema.org\",\"@graph\":[{\"@type\":\"Article\",\"@id\":\"https:\/\/planosdesaudeamil.com.br\/amilempresa\/amil-empresa-sao-paulo\/#article\",\"isPartOf\":{\"@id\":\"https:\/\/planosdesaudeamil.com.br\/amilempresa\/amil-empresa-sao-paulo\/\"},\"author\":{\"name\":\"planosdesaudeamil\",\"@id\":\"https:\/\/planosdesaudeamil.com.br\/amilempresa\/#\/schema\/person\/3fc548a2d874c328fc3ed921ac47e56e\"},\"headline\":\"Amil empresa S\u00e3o Paulo\",\"datePublished\":\"2025-10-02T02:59:36+00:00\",\"dateModified\":\"2025-10-02T03:14:19+00:00\",\"mainEntityOfPage\":{\"@id\":\"https:\/\/planosdesaudeamil.com.br\/amilempresa\/amil-empresa-sao-paulo\/\"},\"wordCount\":456,\"publisher\":{\"@id\":\"https:\/\/planosdesaudeamil.com.br\/amilempresa\/#organization\"},\"image\":{\"@id\":\"https:\/\/planosdesaudeamil.com.br\/amilempresa\/amil-empresa-sao-paulo\/#primaryimage\"},\"thumbnailUrl\":\"https:\/\/planosdesaudeamil.com.br\/amilempresa\/wp-content\/uploads\/2025\/10\/amil-empresa-saopaulo.jpg\",\"articleSection\":[\"Amil empresa\"],\"inLanguage\":\"pt-BR\"},{\"@type\":\"WebPage\",\"@id\":\"https:\/\/planosdesaudeamil.com.br\/amilempresa\/amil-empresa-sao-paulo\/\",\"url\":\"https:\/\/planosdesaudeamil.com.br\/amilempresa\/amil-empresa-sao-paulo\/\",\"name\":\"Amil empresa S\u00e3o Paulo\",\"isPartOf\":{\"@id\":\"https:\/\/planosdesaudeamil.com.br\/amilempresa\/#website\"},\"primaryImageOfPage\":{\"@id\":\"https:\/\/planosdesaudeamil.com.br\/amilempresa\/amil-empresa-sao-paulo\/#primaryimage\"},\"image\":{\"@id\":\"https:\/\/planosdesaudeamil.com.br\/amilempresa\/amil-empresa-sao-paulo\/#primaryimage\"},\"thumbnailUrl\":\"https:\/\/planosdesaudeamil.com.br\/amilempresa\/wp-content\/uploads\/2025\/10\/amil-empresa-saopaulo.jpg\",\"datePublished\":\"2025-10-02T02:59:36+00:00\",\"dateModified\":\"2025-10-02T03:14:19+00:00\",\"description\":\"Para sua empresa que busca pelo plano de sa\u00fade Amil empresa em S\u00e3o Paulo, conhe\u00e7a as linhas e benef\u00edcios da operadora.\",\"breadcrumb\":{\"@id\":\"https:\/\/planosdesaudeamil.com.br\/amilempresa\/amil-empresa-sao-paulo\/#breadcrumb\"},\"inLanguage\":\"pt-BR\",\"potentialAction\":[{\"@type\":\"ReadAction\",\"target\":[\"https:\/\/planosdesaudeamil.com.br\/amilempresa\/amil-empresa-sao-paulo\/\"]}]},{\"@type\":\"ImageObject\",\"inLanguage\":\"pt-BR\",\"@id\":\"https:\/\/planosdesaudeamil.com.br\/amilempresa\/amil-empresa-sao-paulo\/#primaryimage\",\"url\":\"https:\/\/planosdesaudeamil.com.br\/amilempresa\/wp-content\/uploads\/2025\/10\/amil-empresa-saopaulo.jpg\",\"contentUrl\":\"https:\/\/planosdesaudeamil.com.br\/amilempresa\/wp-content\/uploads\/2025\/10\/amil-empresa-saopaulo.jpg\",\"width\":900,\"height\":600},{\"@type\":\"BreadcrumbList\",\"@id\":\"https:\/\/planosdesaudeamil.com.br\/amilempresa\/amil-empresa-sao-paulo\/#breadcrumb\",\"itemListElement\":[{\"@type\":\"ListItem\",\"position\":1,\"name\":\"Home\",\"item\":\"https:\/\/planosdesaudeamil.com.br\/amilempresa\/\"},{\"@type\":\"ListItem\",\"position\":2,\"name\":\"Amil empresa S\u00e3o Paulo\"}]},{\"@type\":\"WebSite\",\"@id\":\"https:\/\/planosdesaudeamil.com.br\/amilempresa\/#website\",\"url\":\"https:\/\/planosdesaudeamil.com.br\/amilempresa\/\",\"name\":\"AMIL EMPRESA\",\"description\":\"Conhe\u00e7a os planos de sa\u00fade Amil empresarial\",\"publisher\":{\"@id\":\"https:\/\/planosdesaudeamil.com.br\/amilempresa\/#organization\"},\"potentialAction\":[{\"@type\":\"SearchAction\",\"target\":{\"@type\":\"EntryPoint\",\"urlTemplate\":\"https:\/\/planosdesaudeamil.com.br\/amilempresa\/?s={search_term_string}\"},\"query-input\":{\"@type\":\"PropertyValueSpecification\",\"valueRequired\":true,\"valueName\":\"search_term_string\"}}],\"inLanguage\":\"pt-BR\"},{\"@type\":\"Organization\",\"@id\":\"https:\/\/planosdesaudeamil.com.br\/amilempresa\/#organization\",\"name\":\"AMIL EMPRESA\",\"url\":\"https:\/\/planosdesaudeamil.com.br\/amilempresa\/\",\"logo\":{\"@type\":\"ImageObject\",\"inLanguage\":\"pt-BR\",\"@id\":\"https:\/\/planosdesaudeamil.com.br\/amilempresa\/#\/schema\/logo\/image\/\",\"url\":\"https:\/\/planosdesaudeamil.com.br\/amilempresa\/wp-content\/uploads\/2025\/10\/logo-amil.jpg\",\"contentUrl\":\"https:\/\/planosdesaudeamil.com.br\/amilempresa\/wp-content\/uploads\/2025\/10\/logo-amil.jpg\",\"width\":471,\"height\":115,\"caption\":\"AMIL EMPRESA\"},\"image\":{\"@id\":\"https:\/\/planosdesaudeamil.com.br\/amilempresa\/#\/schema\/logo\/image\/\"}},{\"@type\":\"Person\",\"@id\":\"https:\/\/planosdesaudeamil.com.br\/amilempresa\/#\/schema\/person\/3fc548a2d874c328fc3ed921ac47e56e\",\"name\":\"planosdesaudeamil\",\"image\":{\"@type\":\"ImageObject\",\"inLanguage\":\"pt-BR\",\"@id\":\"https:\/\/planosdesaudeamil.com.br\/amilempresa\/#\/schema\/person\/image\/\",\"url\":\"https:\/\/secure.gravatar.com\/avatar\/7acdf4dd93d65d3ff07b554ff9af88f71a615ee75978c2b62fa15b7732ddd01c?s=96&d=mm&r=g\",\"contentUrl\":\"https:\/\/secure.gravatar.com\/avatar\/7acdf4dd93d65d3ff07b554ff9af88f71a615ee75978c2b62fa15b7732ddd01c?s=96&d=mm&r=g\",\"caption\":\"planosdesaudeamil\"},\"sameAs\":[\"https:\/\/planosdesaudeamil.com.br\/amilempresa\"],\"url\":\"https:\/\/planosdesaudeamil.com.br\/amilempresa\/author\/planosdesaudeamil\/\"}]}<\/script>\n<!-- \/ Yoast SEO plugin. -->","yoast_head_json":{"title":"Amil empresa S\u00e3o Paulo","description":"Para sua empresa que busca pelo plano de sa\u00fade Amil empresa em S\u00e3o Paulo, conhe\u00e7a as linhas e benef\u00edcios da operadora.","robots":{"index":"index","follow":"follow","max-snippet":"max-snippet:-1","max-image-preview":"max-image-preview:large","max-video-preview":"max-video-preview:-1"},"canonical":"https:\/\/planosdesaudeamil.com.br\/amilempresa\/amil-empresa-sao-paulo\/","og_locale":"pt_BR","og_type":"article","og_title":"Amil empresa S\u00e3o Paulo","og_description":"Para sua empresa que busca pelo plano de sa\u00fade Amil empresa em S\u00e3o Paulo, conhe\u00e7a as linhas e benef\u00edcios da operadora.","og_url":"https:\/\/planosdesaudeamil.com.br\/amilempresa\/amil-empresa-sao-paulo\/","og_site_name":"AMIL EMPRESA","article_published_time":"2025-10-02T02:59:36+00:00","article_modified_time":"2025-10-02T03:14:19+00:00","og_image":[{"width":900,"height":600,"url":"https:\/\/planosdesaudeamil.com.br\/amilempresa\/wp-content\/uploads\/2025\/10\/amil-empresa-saopaulo.jpg","type":"image\/jpeg"}],"author":"planosdesaudeamil","twitter_card":"summary_large_image","twitter_misc":{"Escrito por":"planosdesaudeamil","Est. tempo de leitura":"3 minutos"},"schema":{"@context":"https:\/\/schema.org","@graph":[{"@type":"Article","@id":"https:\/\/planosdesaudeamil.com.br\/amilempresa\/amil-empresa-sao-paulo\/#article","isPartOf":{"@id":"https:\/\/planosdesaudeamil.com.br\/amilempresa\/amil-empresa-sao-paulo\/"},"author":{"name":"planosdesaudeamil","@id":"https:\/\/planosdesaudeamil.com.br\/amilempresa\/#\/schema\/person\/3fc548a2d874c328fc3ed921ac47e56e"},"headline":"Amil empresa S\u00e3o Paulo","datePublished":"2025-10-02T02:59:36+00:00","dateModified":"2025-10-02T03:14:19+00:00","mainEntityOfPage":{"@id":"https:\/\/planosdesaudeamil.com.br\/amilempresa\/amil-empresa-sao-paulo\/"},"wordCount":456,"publisher":{"@id":"https:\/\/planosdesaudeamil.com.br\/amilempresa\/#organization"},"image":{"@id":"https:\/\/planosdesaudeamil.com.br\/amilempresa\/amil-empresa-sao-paulo\/#primaryimage"},"thumbnailUrl":"https:\/\/planosdesaudeamil.com.br\/amilempresa\/wp-content\/uploads\/2025\/10\/amil-empresa-saopaulo.jpg","articleSection":["Amil empresa"],"inLanguage":"pt-BR"},{"@type":"WebPage","@id":"https:\/\/planosdesaudeamil.com.br\/amilempresa\/amil-empresa-sao-paulo\/","url":"https:\/\/planosdesaudeamil.com.br\/amilempresa\/amil-empresa-sao-paulo\/","name":"Amil empresa S\u00e3o Paulo","isPartOf":{"@id":"https:\/\/planosdesaudeamil.com.br\/amilempresa\/#website"},"primaryImageOfPage":{"@id":"https:\/\/planosdesaudeamil.com.br\/amilempresa\/amil-empresa-sao-paulo\/#primaryimage"},"image":{"@id":"https:\/\/planosdesaudeamil.com.br\/amilempresa\/amil-empresa-sao-paulo\/#primaryimage"},"thumbnailUrl":"https:\/\/planosdesaudeamil.com.br\/amilempresa\/wp-content\/uploads\/2025\/10\/amil-empresa-saopaulo.jpg","datePublished":"2025-10-02T02:59:36+00:00","dateModified":"2025-10-02T03:14:19+00:00","description":"Para sua empresa que busca pelo plano de sa\u00fade Amil empresa em S\u00e3o Paulo, conhe\u00e7a as linhas e benef\u00edcios da operadora.","breadcrumb":{"@id":"https:\/\/planosdesaudeamil.com.br\/amilempresa\/amil-empresa-sao-paulo\/#breadcrumb"},"inLanguage":"pt-BR","potentialAction":[{"@type":"ReadAction","target":["https:\/\/planosdesaudeamil.com.br\/amilempresa\/amil-empresa-sao-paulo\/"]}]},{"@type":"ImageObject","inLanguage":"pt-BR","@id":"https:\/\/planosdesaudeamil.com.br\/amilempresa\/amil-empresa-sao-paulo\/#primaryimage","url":"https:\/\/planosdesaudeamil.com.br\/amilempresa\/wp-content\/uploads\/2025\/10\/amil-empresa-saopaulo.jpg","contentUrl":"https:\/\/planosdesaudeamil.com.br\/amilempresa\/wp-content\/uploads\/2025\/10\/amil-empresa-saopaulo.jpg","width":900,"height":600},{"@type":"BreadcrumbList","@id":"https:\/\/planosdesaudeamil.com.br\/amilempresa\/amil-empresa-sao-paulo\/#breadcrumb","itemListElement":[{"@type":"ListItem","position":1,"name":"Home","item":"https:\/\/planosdesaudeamil.com.br\/amilempresa\/"},{"@type":"ListItem","position":2,"name":"Amil empresa S\u00e3o Paulo"}]},{"@type":"WebSite","@id":"https:\/\/planosdesaudeamil.com.br\/amilempresa\/#website","url":"https:\/\/planosdesaudeamil.com.br\/amilempresa\/","name":"AMIL EMPRESA","description":"Conhe\u00e7a os planos de sa\u00fade Amil empresarial","publisher":{"@id":"https:\/\/planosdesaudeamil.com.br\/amilempresa\/#organization"},"potentialAction":[{"@type":"SearchAction","target":{"@type":"EntryPoint","urlTemplate":"https:\/\/planosdesaudeamil.com.br\/amilempresa\/?s={search_term_string}"},"query-input":{"@type":"PropertyValueSpecification","valueRequired":true,"valueName":"search_term_string"}}],"inLanguage":"pt-BR"},{"@type":"Organization","@id":"https:\/\/planosdesaudeamil.com.br\/amilempresa\/#organization","name":"AMIL EMPRESA","url":"https:\/\/planosdesaudeamil.com.br\/amilempresa\/","logo":{"@type":"ImageObject","inLanguage":"pt-BR","@id":"https:\/\/planosdesaudeamil.com.br\/amilempresa\/#\/schema\/logo\/image\/","url":"https:\/\/planosdesaudeamil.com.br\/amilempresa\/wp-content\/uploads\/2025\/10\/logo-amil.jpg","contentUrl":"https:\/\/planosdesaudeamil.com.br\/amilempresa\/wp-content\/uploads\/2025\/10\/logo-amil.jpg","width":471,"height":115,"caption":"AMIL EMPRESA"},"image":{"@id":"https:\/\/planosdesaudeamil.com.br\/amilempresa\/#\/schema\/logo\/image\/"}},{"@type":"Person","@id":"https:\/\/planosdesaudeamil.com.br\/amilempresa\/#\/schema\/person\/3fc548a2d874c328fc3ed921ac47e56e","name":"planosdesaudeamil","image":{"@type":"ImageObject","inLanguage":"pt-BR","@id":"https:\/\/planosdesaudeamil.com.br\/amilempresa\/#\/schema\/person\/image\/","url":"https:\/\/secure.gravatar.com\/avatar\/7acdf4dd93d65d3ff07b554ff9af88f71a615ee75978c2b62fa15b7732ddd01c?s=96&d=mm&r=g","contentUrl":"https:\/\/secure.gravatar.com\/avatar\/7acdf4dd93d65d3ff07b554ff9af88f71a615ee75978c2b62fa15b7732ddd01c?s=96&d=mm&r=g","caption":"planosdesaudeamil"},"sameAs":["https:\/\/planosdesaudeamil.com.br\/amilempresa"],"url":"https:\/\/planosdesaudeamil.com.br\/amilempresa\/author\/planosdesaudeamil\/"}]}},"_links":{"self":[{"href":"https:\/\/planosdesaudeamil.com.br\/amilempresa\/wp-json\/wp\/v2\/posts\/37","targetHints":{"allow":["GET"]}}],"collection":[{"href":"https:\/\/planosdesaudeamil.com.br\/amilempresa\/wp-json\/wp\/v2\/posts"}],"about":[{"href":"https:\/\/planosdesaudeamil.com.br\/amilempresa\/wp-json\/wp\/v2\/types\/post"}],"author":[{"embeddable":true,"href":"https:\/\/planosdesaudeamil.com.br\/amilempresa\/wp-json\/wp\/v2\/users\/1"}],"replies":[{"embeddable":true,"href":"https:\/\/planosdesaudeamil.com.br\/amilempresa\/wp-json\/wp\/v2\/comments?post=37"}],"version-history":[{"count":3,"href":"https:\/\/planosdesaudeamil.com.br\/amilempresa\/wp-json\/wp\/v2\/posts\/37\/revisions"}],"predecessor-version":[{"id":44,"href":"https:\/\/planosdesaudeamil.com.br\/amilempresa\/wp-json\/wp\/v2\/posts\/37\/revisions\/44"}],"wp:featuredmedia":[{"embeddable":true,"href":"https:\/\/planosdesaudeamil.com.br\/amilempresa\/wp-json\/wp\/v2\/media\/38"}],"wp:attachment":[{"href":"https:\/\/planosdesaudeamil.com.br\/amilempresa\/wp-json\/wp\/v2\/media?parent=37"}],"wp:term":[{"taxonomy":"category","embeddable":true,"href":"https:\/\/planosdesaudeamil.com.br\/amilempresa\/wp-json\/wp\/v2\/categories?post=37"},{"taxonomy":"post_tag","embeddable":true,"href":"https:\/\/planosdesaudeamil.com.br\/amilempresa\/wp-json\/wp\/v2\/tags?post=37"}],"curies":[{"name":"wp","href":"https:\/\/api.w.org\/{rel}","templated":true}]}}