{"id":267,"date":"2025-10-19T13:28:58","date_gmt":"2025-10-19T16:28:58","guid":{"rendered":"https:\/\/planosdesaudeamil.com.br\/amilempresa\/?p=267"},"modified":"2025-10-19T13:29:00","modified_gmt":"2025-10-19T16:29:00","slug":"amil-empresa-seguradoras","status":"publish","type":"post","link":"https:\/\/planosdesaudeamil.com.br\/amilempresa\/amil-empresa-seguradoras\/","title":{"rendered":"Amil empresa ou seguradoras?"},"content":{"rendered":"\n<p>Os <strong><a href=\"https:\/\/planosdesaudeamil.com.br\/amilempresa\/\">planos da Amil empresarial<\/a><\/strong> oferecem uma rede de cobertura nacional bastante ampla, com hospitais, cl\u00ednicas e laborat\u00f3rios credenciados em v\u00e1rias regi\u00f5es do pa\u00eds, o que torna sua oferta compar\u00e1vel \u00e0 das grandes seguradoras quanto \u00e0 qualifica\u00e7\u00e3o da rede. Por outro lado, em muitos casos os pre\u00e7os da Amil para as linhas Bronze, Prata, Ouro etc. se mostram mais acess\u00edveis que os planos equivalentes dessas seguradoras.<\/p>\n\n\n\n<p>Por exemplo, para empresas PME na faixa et\u00e1ria de 24 a 28 anos, os valores da Amil Prata podem sair mais em conta do que planos semelhantes de Bradesco ou Porto Seguro, especialmente quando se compara cobertura nacional vs. cobertura apenas regional.<\/p>\n\n\n\n<p>Vale notar, por\u00e9m, que embora os pre\u00e7os de entrada ou nas faixas mais jovens da Amil sejam competitivos, para faixas et\u00e1rias mais velhas ou planos muito completos (acomoda\u00e7\u00e3o em apartamento, alta coparticipa\u00e7\u00e3o, etc.), as mensalidades podem se aproximar ou at\u00e9 ultrapassar as de concorrentes \u2014 embora a Amil ofere\u00e7a boas alternativas de n\u00edvel intermedi\u00e1rio.<\/p>\n\n\n\n<h3 class=\"wp-block-heading\">Flexibilidade na aceita\u00e7\u00e3o de dependentes e formatos de contrata\u00e7\u00e3o<\/h3>\n\n\n\n<p>A Amil parece oferecer maior flexibilidade para inclus\u00e3o de dependentes em planos empresariais ou para empresas pequenas \/ microempreendedores (MEI), o que facilita que colaboradores possam agregar c\u00f4njuges, filhos ou outros dependentes com condi\u00e7\u00f5es menos r\u00edgidas do que algumas seguradoras tradicionais. Isso \u00e9 um ponto bastante valorizado por pequenas e m\u00e9dias empresas.<\/p>\n\n\n\n<p>Embora eu n\u00e3o tenha encontrado um dado p\u00fablico exato que detalhe crit\u00e9rios de dependentes espec\u00edficos para cada seguradora, nas simula\u00e7\u00f5es de mercado e nas tabelas de pre\u00e7os da Amil aparecem op\u00e7\u00f5es para grupos com poucos dependentes, com varia\u00e7\u00e3o de pre\u00e7os aceit\u00e1vel.<\/p>\n\n\n\n<p>Al\u00e9m disso, <strong>planos empresariais da Amil<\/strong> costumam ter faixas de vidas menores (ex: 5 a 29 vidas) com valores especiais, o que favorece empresas que ainda est\u00e3o iniciando ou que t\u00eam equipes pequenas. Isso contrasta com algumas seguradoras que possuem exig\u00eancias mais r\u00edgidas de n\u00famero m\u00ednimo de vidas ou menos oferta de planos intermedi\u00e1rios de custo mais baixo.<\/p>\n\n\n\n<h3 class=\"wp-block-heading\">Em resumo, se a empresa busca um plano de sa\u00fade corporativo que:<\/h3>\n\n\n\n<ul class=\"wp-block-list\">\n<li>Tenha boa rede de atendimento nacional ou quase nacional;<\/li>\n\n\n\n<li>Ofere\u00e7a um pre\u00e7o mais acess\u00edvel, especialmente para colaboradores mais jovens ou em n\u00famero moderado;<\/li>\n\n\n\n<li>Permita incluir dependentes de maneira razoavelmente flex\u00edvel;<\/li>\n<\/ul>\n\n\n\n<p>A Amil tende a se destacar entre as op\u00e7\u00f5es. Por outro lado, seguradoras como Bradesco, SulAm\u00e9rica, Porto Seguro ainda podem levar vantagem em planos premium, com servi\u00e7os adicionais, hospitais de alt\u00edssimo padr\u00e3o, programas diferenciados, e possivelmente melhor reputa\u00e7\u00e3o local dependendo de regi\u00e3o.<\/p>\n\n\n\n<h2 class=\"wp-block-heading\">Amil empresa (simule em minutos)<\/h2>\n\n\n\n<figure class=\"wp-block-image size-full\"><a href=\"https:\/\/api.whatsapp.com\/send?phone=5511969670055&amp;text=Simular Amil Empresa\"><img loading=\"lazy\" decoding=\"async\" width=\"1000\" height=\"667\" src=\"http:\/\/planosdesaudeamil.com.br\/amilempresa\/wp-content\/uploads\/2025\/10\/amil-contato.jpg\" alt=\"Amil empresa\" class=\"wp-image-40\" srcset=\"https:\/\/planosdesaudeamil.com.br\/amilempresa\/wp-content\/uploads\/2025\/10\/amil-contato.jpg 1000w, https:\/\/planosdesaudeamil.com.br\/amilempresa\/wp-content\/uploads\/2025\/10\/amil-contato-300x200.jpg 300w, https:\/\/planosdesaudeamil.com.br\/amilempresa\/wp-content\/uploads\/2025\/10\/amil-contato-768x512.jpg 768w\" sizes=\"auto, (max-width: 1000px) 100vw, 1000px\" \/><\/a><\/figure>\n\n\n\n<p>Preencha o formul\u00e1rio abaixo, e receba em seu e-mail em poucos minutos, as tabelas de pre\u00e7os dos&nbsp;<strong>planos Amil empresarial<\/strong>.<\/p>\n\n\n\n<style id=\"wpforms-css-vars-6\">\n\t\t\t\t#wpforms-6 {\n\t\t\t\t--wpforms-container-padding: 0px;\n--wpforms-container-border-width: 1px;\n--wpforms-container-border-radius: 3px;\n--wpforms-background-color: rgba(0, 0, 0, 0);\n--wpforms-field-size-input-height: 43px;\n--wpforms-field-size-input-spacing: 15px;\n--wpforms-field-size-font-size: 16px;\n--wpforms-field-size-line-height: 19px;\n--wpforms-field-size-padding-h: 14px;\n--wpforms-field-size-checkbox-size: 16px;\n--wpforms-field-size-sublabel-spacing: 5px;\n--wpforms-field-size-icon-size: 1;\n--wpforms-label-size-font-size: 16px;\n--wpforms-label-size-line-height: 19px;\n--wpforms-label-size-sublabel-font-size: 14px;\n--wpforms-label-size-sublabel-line-height: 17px;\n--wpforms-button-size-font-size: 17px;\n--wpforms-button-size-height: 41px;\n--wpforms-button-size-padding-h: 15px;\n--wpforms-button-size-margin-top: 10px;\n--wpforms-container-shadow-size-box-shadow: none;\n\t\t\t}\n\t\t\t<\/style><div class=\"wpforms-container wpforms-container-full wpforms-render-modern\" id=\"wpforms-6\"><form id=\"wpforms-form-6\" class=\"wpforms-validate wpforms-form wpforms-ajax-form\" data-formid=\"6\" method=\"post\" enctype=\"multipart\/form-data\" action=\"\/amilempresa\/wp-json\/wp\/v2\/posts\/267\" data-token=\"bfcb776eefba75728d1f2b36f1f2c3b4\" data-token-time=\"1777303910\"><noscript class=\"wpforms-error-noscript\">Ative o JavaScript no seu navegador para preencher este formul\u00e1rio.<\/noscript><div id=\"wpforms-error-noscript\" style=\"display: none;\">Ative o JavaScript no seu navegador para preencher este formul\u00e1rio.<\/div><div class=\"wpforms-field-container\"><div id=\"wpforms-6-field_4-container\" class=\"wpforms-field wpforms-field-text\" data-field-id=\"4\"><label class=\"wpforms-field-label\" for=\"wpforms-6-field_4\">Nome <span class=\"wpforms-required-label\" aria-hidden=\"true\">*<\/span><\/label><input type=\"text\" id=\"wpforms-6-field_4\" class=\"wpforms-field-medium wpforms-field-required\" name=\"wpforms[fields][4]\" aria-errormessage=\"wpforms-6-field_4-error\" required><\/div><div id=\"wpforms-6-field_5-container\" class=\"wpforms-field wpforms-field-text\" data-field-id=\"5\"><label class=\"wpforms-field-label\" for=\"wpforms-6-field_5\">Cidade e Estado <span class=\"wpforms-required-label\" aria-hidden=\"true\">*<\/span><\/label><input type=\"text\" id=\"wpforms-6-field_5\" class=\"wpforms-field-medium wpforms-field-required\" name=\"wpforms[fields][5]\" aria-errormessage=\"wpforms-6-field_5-error\" required><\/div><div id=\"wpforms-6-field_6-container\" class=\"wpforms-field wpforms-field-text\" data-field-id=\"6\"><label class=\"wpforms-field-label\" for=\"wpforms-6-field_6\">Telefone <span class=\"wpforms-required-label\" aria-hidden=\"true\">*<\/span><\/label><input type=\"text\" id=\"wpforms-6-field_6\" class=\"wpforms-field-medium wpforms-field-required\" name=\"wpforms[fields][6]\" aria-errormessage=\"wpforms-6-field_6-error\" required><\/div>\t\t<div id=\"wpforms-6-field_1-container\"\n\t\t\tclass=\"wpforms-field wpforms-field-text\"\n\t\t\tdata-field-type=\"text\"\n\t\t\tdata-field-id=\"1\"\n\t\t\t>\n\t\t\t<label class=\"wpforms-field-label\" for=\"wpforms-6-field_1\" >\u00e9 Informar vidas<\/label>\n\t\t\t<input type=\"text\" id=\"wpforms-6-field_1\" class=\"wpforms-field-medium\" name=\"wpforms[fields][1]\" >\n\t\t<\/div>\n\t\t<div id=\"wpforms-6-field_2-container\" class=\"wpforms-field wpforms-field-email\" data-field-id=\"2\"><label class=\"wpforms-field-label\" for=\"wpforms-6-field_2\">E-mail <span class=\"wpforms-required-label\" aria-hidden=\"true\">*<\/span><\/label><input type=\"email\" id=\"wpforms-6-field_2\" class=\"wpforms-field-medium wpforms-field-required\" name=\"wpforms[fields][2]\" spellcheck=\"false\" aria-errormessage=\"wpforms-6-field_2-error\" required><\/div><div id=\"wpforms-6-field_7-container\" class=\"wpforms-field wpforms-field-text\" data-field-id=\"7\"><label class=\"wpforms-field-label\" for=\"wpforms-6-field_7\">Idade das vidas <span class=\"wpforms-required-label\" aria-hidden=\"true\">*<\/span><\/label><input type=\"text\" id=\"wpforms-6-field_7\" class=\"wpforms-field-medium wpforms-field-required\" name=\"wpforms[fields][7]\" aria-errormessage=\"wpforms-6-field_7-error\" required><\/div><div id=\"wpforms-6-field_8-container\" class=\"wpforms-field wpforms-field-text\" data-field-id=\"8\"><label class=\"wpforms-field-label\" for=\"wpforms-6-field_8\">Informar se \u00e9 plano empresarial ou pessoa f\u00edsica <span class=\"wpforms-required-label\" aria-hidden=\"true\">*<\/span><\/label><input type=\"text\" id=\"wpforms-6-field_8\" class=\"wpforms-field-medium wpforms-field-required\" name=\"wpforms[fields][8]\" aria-errormessage=\"wpforms-6-field_8-error\" required><\/div><div id=\"wpforms-6-field_3-container\" class=\"wpforms-field wpforms-field-textarea\" data-field-id=\"3\"><label class=\"wpforms-field-label\" for=\"wpforms-6-field_3\">Descreva suas necessidades e coment\u00e1rio <span class=\"wpforms-required-label\" aria-hidden=\"true\">*<\/span><\/label><textarea id=\"wpforms-6-field_3\" class=\"wpforms-field-medium wpforms-field-required\" name=\"wpforms[fields][3]\" aria-errormessage=\"wpforms-6-field_3-error\" required><\/textarea><\/div><script>\n\t\t\t\t( function() {\n\t\t\t\t\tconst style = document.createElement( 'style' );\n\t\t\t\t\tstyle.appendChild( document.createTextNode( '#wpforms-6-field_1-container { position: absolute !important; overflow: hidden !important; display: inline !important; height: 1px !important; width: 1px !important; z-index: -1000 !important; padding: 0 !important; } #wpforms-6-field_1-container input { visibility: hidden; } #wpforms-conversational-form-page #wpforms-6-field_1-container label { counter-increment: none; }' ) );\n\t\t\t\t\tdocument.head.appendChild( style );\n\t\t\t\t\tdocument.currentScript?.remove();\n\t\t\t\t} )();\n\t\t\t<\/script><\/div><!-- .wpforms-field-container --><div class=\"wpforms-submit-container\" ><input type=\"hidden\" name=\"wpforms[id]\" value=\"6\"><input type=\"hidden\" name=\"page_title\" value=\"\"><input type=\"hidden\" name=\"page_url\" value=\"https:\/\/planosdesaudeamil.com.br\/amilempresa\/wp-json\/wp\/v2\/posts\/267\"><input type=\"hidden\" name=\"url_referer\" value=\"\"><button type=\"submit\" name=\"wpforms[submit]\" id=\"wpforms-submit-6\" class=\"wpforms-submit\" data-alt-text=\"Enviando\u2026\" data-submit-text=\"Enviar\" aria-live=\"assertive\" value=\"wpforms-submit\">Enviar<\/button><img loading=\"lazy\" decoding=\"async\" src=\"https:\/\/planosdesaudeamil.com.br\/amilempresa\/wp-content\/plugins\/wpforms-lite\/assets\/images\/submit-spin.svg\" class=\"wpforms-submit-spinner\" style=\"display: none;\" width=\"26\" height=\"26\" alt=\"Carregando\"><\/div><\/form><\/div>  <!-- .wpforms-container -->\n\n\n\n<p><\/p>\n","protected":false},"excerpt":{"rendered":"<p>Os planos da Amil empresarial oferecem uma rede de cobertura nacional bastante ampla, com hospitais, [&hellip;]<\/p>\n","protected":false},"author":1,"featured_media":50,"comment_status":"closed","ping_status":"closed","sticky":false,"template":"","format":"standard","meta":{"footnotes":""},"categories":[6],"tags":[],"class_list":["post-267","post","type-post","status-publish","format-standard","has-post-thumbnail","hentry","category-amil-empresa"],"yoast_head":"<!-- This site is optimized with the Yoast SEO plugin v26.0 - https:\/\/yoast.com\/wordpress\/plugins\/seo\/ -->\n<title>Amil empresa ou seguradoras?<\/title>\n<meta name=\"description\" content=\"Os planos da Amil empresarial oferecem uma rede de cobertura nacional bastante ampla, com pre\u00e7os mais acess\u00edvel que as seguradoras.\" \/>\n<meta name=\"robots\" content=\"index, follow, max-snippet:-1, max-image-preview:large, max-video-preview:-1\" \/>\n<link rel=\"canonical\" href=\"https:\/\/planosdesaudeamil.com.br\/amilempresa\/amil-empresa-seguradoras\/\" \/>\n<meta property=\"og:locale\" content=\"pt_BR\" \/>\n<meta property=\"og:type\" content=\"article\" \/>\n<meta property=\"og:title\" content=\"Amil empresa ou seguradoras?\" \/>\n<meta property=\"og:description\" content=\"Os planos da Amil empresarial oferecem uma rede de cobertura nacional bastante ampla, com pre\u00e7os mais acess\u00edvel que as seguradoras.\" \/>\n<meta property=\"og:url\" content=\"https:\/\/planosdesaudeamil.com.br\/amilempresa\/amil-empresa-seguradoras\/\" \/>\n<meta property=\"og:site_name\" content=\"AMIL EMPRESA\" \/>\n<meta property=\"article:published_time\" content=\"2025-10-19T16:28:58+00:00\" \/>\n<meta property=\"article:modified_time\" content=\"2025-10-19T16:29:00+00:00\" \/>\n<meta property=\"og:image\" content=\"https:\/\/planosdesaudeamil.com.br\/amilempresa\/wp-content\/uploads\/2025\/10\/amil-empresa-osasco.jpg\" \/>\n\t<meta property=\"og:image:width\" content=\"900\" \/>\n\t<meta property=\"og:image:height\" content=\"600\" \/>\n\t<meta property=\"og:image:type\" content=\"image\/jpeg\" \/>\n<meta name=\"author\" content=\"planosdesaudeamil\" \/>\n<meta name=\"twitter:card\" content=\"summary_large_image\" \/>\n<meta name=\"twitter:label1\" content=\"Escrito por\" \/>\n\t<meta name=\"twitter:data1\" content=\"planosdesaudeamil\" \/>\n\t<meta name=\"twitter:label2\" content=\"Est. tempo de leitura\" \/>\n\t<meta name=\"twitter:data2\" content=\"3 minutos\" \/>\n<script type=\"application\/ld+json\" class=\"yoast-schema-graph\">{\"@context\":\"https:\/\/schema.org\",\"@graph\":[{\"@type\":\"Article\",\"@id\":\"https:\/\/planosdesaudeamil.com.br\/amilempresa\/amil-empresa-seguradoras\/#article\",\"isPartOf\":{\"@id\":\"https:\/\/planosdesaudeamil.com.br\/amilempresa\/amil-empresa-seguradoras\/\"},\"author\":{\"name\":\"planosdesaudeamil\",\"@id\":\"https:\/\/planosdesaudeamil.com.br\/amilempresa\/#\/schema\/person\/3fc548a2d874c328fc3ed921ac47e56e\"},\"headline\":\"Amil empresa ou seguradoras?\",\"datePublished\":\"2025-10-19T16:28:58+00:00\",\"dateModified\":\"2025-10-19T16:29:00+00:00\",\"mainEntityOfPage\":{\"@id\":\"https:\/\/planosdesaudeamil.com.br\/amilempresa\/amil-empresa-seguradoras\/\"},\"wordCount\":487,\"publisher\":{\"@id\":\"https:\/\/planosdesaudeamil.com.br\/amilempresa\/#organization\"},\"image\":{\"@id\":\"https:\/\/planosdesaudeamil.com.br\/amilempresa\/amil-empresa-seguradoras\/#primaryimage\"},\"thumbnailUrl\":\"https:\/\/planosdesaudeamil.com.br\/amilempresa\/wp-content\/uploads\/2025\/10\/amil-empresa-osasco.jpg\",\"articleSection\":[\"Amil empresa\"],\"inLanguage\":\"pt-BR\"},{\"@type\":\"WebPage\",\"@id\":\"https:\/\/planosdesaudeamil.com.br\/amilempresa\/amil-empresa-seguradoras\/\",\"url\":\"https:\/\/planosdesaudeamil.com.br\/amilempresa\/amil-empresa-seguradoras\/\",\"name\":\"Amil empresa ou seguradoras?\",\"isPartOf\":{\"@id\":\"https:\/\/planosdesaudeamil.com.br\/amilempresa\/#website\"},\"primaryImageOfPage\":{\"@id\":\"https:\/\/planosdesaudeamil.com.br\/amilempresa\/amil-empresa-seguradoras\/#primaryimage\"},\"image\":{\"@id\":\"https:\/\/planosdesaudeamil.com.br\/amilempresa\/amil-empresa-seguradoras\/#primaryimage\"},\"thumbnailUrl\":\"https:\/\/planosdesaudeamil.com.br\/amilempresa\/wp-content\/uploads\/2025\/10\/amil-empresa-osasco.jpg\",\"datePublished\":\"2025-10-19T16:28:58+00:00\",\"dateModified\":\"2025-10-19T16:29:00+00:00\",\"description\":\"Os planos da Amil empresarial oferecem uma rede de cobertura nacional bastante ampla, com pre\u00e7os mais acess\u00edvel que as seguradoras.\",\"breadcrumb\":{\"@id\":\"https:\/\/planosdesaudeamil.com.br\/amilempresa\/amil-empresa-seguradoras\/#breadcrumb\"},\"inLanguage\":\"pt-BR\",\"potentialAction\":[{\"@type\":\"ReadAction\",\"target\":[\"https:\/\/planosdesaudeamil.com.br\/amilempresa\/amil-empresa-seguradoras\/\"]}]},{\"@type\":\"ImageObject\",\"inLanguage\":\"pt-BR\",\"@id\":\"https:\/\/planosdesaudeamil.com.br\/amilempresa\/amil-empresa-seguradoras\/#primaryimage\",\"url\":\"https:\/\/planosdesaudeamil.com.br\/amilempresa\/wp-content\/uploads\/2025\/10\/amil-empresa-osasco.jpg\",\"contentUrl\":\"https:\/\/planosdesaudeamil.com.br\/amilempresa\/wp-content\/uploads\/2025\/10\/amil-empresa-osasco.jpg\",\"width\":900,\"height\":600},{\"@type\":\"BreadcrumbList\",\"@id\":\"https:\/\/planosdesaudeamil.com.br\/amilempresa\/amil-empresa-seguradoras\/#breadcrumb\",\"itemListElement\":[{\"@type\":\"ListItem\",\"position\":1,\"name\":\"Home\",\"item\":\"https:\/\/planosdesaudeamil.com.br\/amilempresa\/\"},{\"@type\":\"ListItem\",\"position\":2,\"name\":\"Amil empresa ou seguradoras?\"}]},{\"@type\":\"WebSite\",\"@id\":\"https:\/\/planosdesaudeamil.com.br\/amilempresa\/#website\",\"url\":\"https:\/\/planosdesaudeamil.com.br\/amilempresa\/\",\"name\":\"AMIL EMPRESA\",\"description\":\"Conhe\u00e7a os planos de sa\u00fade Amil empresarial\",\"publisher\":{\"@id\":\"https:\/\/planosdesaudeamil.com.br\/amilempresa\/#organization\"},\"potentialAction\":[{\"@type\":\"SearchAction\",\"target\":{\"@type\":\"EntryPoint\",\"urlTemplate\":\"https:\/\/planosdesaudeamil.com.br\/amilempresa\/?s={search_term_string}\"},\"query-input\":{\"@type\":\"PropertyValueSpecification\",\"valueRequired\":true,\"valueName\":\"search_term_string\"}}],\"inLanguage\":\"pt-BR\"},{\"@type\":\"Organization\",\"@id\":\"https:\/\/planosdesaudeamil.com.br\/amilempresa\/#organization\",\"name\":\"AMIL EMPRESA\",\"url\":\"https:\/\/planosdesaudeamil.com.br\/amilempresa\/\",\"logo\":{\"@type\":\"ImageObject\",\"inLanguage\":\"pt-BR\",\"@id\":\"https:\/\/planosdesaudeamil.com.br\/amilempresa\/#\/schema\/logo\/image\/\",\"url\":\"https:\/\/planosdesaudeamil.com.br\/amilempresa\/wp-content\/uploads\/2025\/10\/logo-amil.jpg\",\"contentUrl\":\"https:\/\/planosdesaudeamil.com.br\/amilempresa\/wp-content\/uploads\/2025\/10\/logo-amil.jpg\",\"width\":471,\"height\":115,\"caption\":\"AMIL EMPRESA\"},\"image\":{\"@id\":\"https:\/\/planosdesaudeamil.com.br\/amilempresa\/#\/schema\/logo\/image\/\"}},{\"@type\":\"Person\",\"@id\":\"https:\/\/planosdesaudeamil.com.br\/amilempresa\/#\/schema\/person\/3fc548a2d874c328fc3ed921ac47e56e\",\"name\":\"planosdesaudeamil\",\"image\":{\"@type\":\"ImageObject\",\"inLanguage\":\"pt-BR\",\"@id\":\"https:\/\/planosdesaudeamil.com.br\/amilempresa\/#\/schema\/person\/image\/\",\"url\":\"https:\/\/secure.gravatar.com\/avatar\/7acdf4dd93d65d3ff07b554ff9af88f71a615ee75978c2b62fa15b7732ddd01c?s=96&d=mm&r=g\",\"contentUrl\":\"https:\/\/secure.gravatar.com\/avatar\/7acdf4dd93d65d3ff07b554ff9af88f71a615ee75978c2b62fa15b7732ddd01c?s=96&d=mm&r=g\",\"caption\":\"planosdesaudeamil\"},\"sameAs\":[\"https:\/\/planosdesaudeamil.com.br\/amilempresa\"],\"url\":\"https:\/\/planosdesaudeamil.com.br\/amilempresa\/author\/planosdesaudeamil\/\"}]}<\/script>\n<!-- \/ Yoast SEO plugin. -->","yoast_head_json":{"title":"Amil empresa ou seguradoras?","description":"Os planos da Amil empresarial oferecem uma rede de cobertura nacional bastante ampla, com pre\u00e7os mais acess\u00edvel que as seguradoras.","robots":{"index":"index","follow":"follow","max-snippet":"max-snippet:-1","max-image-preview":"max-image-preview:large","max-video-preview":"max-video-preview:-1"},"canonical":"https:\/\/planosdesaudeamil.com.br\/amilempresa\/amil-empresa-seguradoras\/","og_locale":"pt_BR","og_type":"article","og_title":"Amil empresa ou seguradoras?","og_description":"Os planos da Amil empresarial oferecem uma rede de cobertura nacional bastante ampla, com pre\u00e7os mais acess\u00edvel que as seguradoras.","og_url":"https:\/\/planosdesaudeamil.com.br\/amilempresa\/amil-empresa-seguradoras\/","og_site_name":"AMIL EMPRESA","article_published_time":"2025-10-19T16:28:58+00:00","article_modified_time":"2025-10-19T16:29:00+00:00","og_image":[{"width":900,"height":600,"url":"https:\/\/planosdesaudeamil.com.br\/amilempresa\/wp-content\/uploads\/2025\/10\/amil-empresa-osasco.jpg","type":"image\/jpeg"}],"author":"planosdesaudeamil","twitter_card":"summary_large_image","twitter_misc":{"Escrito por":"planosdesaudeamil","Est. tempo de leitura":"3 minutos"},"schema":{"@context":"https:\/\/schema.org","@graph":[{"@type":"Article","@id":"https:\/\/planosdesaudeamil.com.br\/amilempresa\/amil-empresa-seguradoras\/#article","isPartOf":{"@id":"https:\/\/planosdesaudeamil.com.br\/amilempresa\/amil-empresa-seguradoras\/"},"author":{"name":"planosdesaudeamil","@id":"https:\/\/planosdesaudeamil.com.br\/amilempresa\/#\/schema\/person\/3fc548a2d874c328fc3ed921ac47e56e"},"headline":"Amil empresa ou seguradoras?","datePublished":"2025-10-19T16:28:58+00:00","dateModified":"2025-10-19T16:29:00+00:00","mainEntityOfPage":{"@id":"https:\/\/planosdesaudeamil.com.br\/amilempresa\/amil-empresa-seguradoras\/"},"wordCount":487,"publisher":{"@id":"https:\/\/planosdesaudeamil.com.br\/amilempresa\/#organization"},"image":{"@id":"https:\/\/planosdesaudeamil.com.br\/amilempresa\/amil-empresa-seguradoras\/#primaryimage"},"thumbnailUrl":"https:\/\/planosdesaudeamil.com.br\/amilempresa\/wp-content\/uploads\/2025\/10\/amil-empresa-osasco.jpg","articleSection":["Amil empresa"],"inLanguage":"pt-BR"},{"@type":"WebPage","@id":"https:\/\/planosdesaudeamil.com.br\/amilempresa\/amil-empresa-seguradoras\/","url":"https:\/\/planosdesaudeamil.com.br\/amilempresa\/amil-empresa-seguradoras\/","name":"Amil empresa ou seguradoras?","isPartOf":{"@id":"https:\/\/planosdesaudeamil.com.br\/amilempresa\/#website"},"primaryImageOfPage":{"@id":"https:\/\/planosdesaudeamil.com.br\/amilempresa\/amil-empresa-seguradoras\/#primaryimage"},"image":{"@id":"https:\/\/planosdesaudeamil.com.br\/amilempresa\/amil-empresa-seguradoras\/#primaryimage"},"thumbnailUrl":"https:\/\/planosdesaudeamil.com.br\/amilempresa\/wp-content\/uploads\/2025\/10\/amil-empresa-osasco.jpg","datePublished":"2025-10-19T16:28:58+00:00","dateModified":"2025-10-19T16:29:00+00:00","description":"Os planos da Amil empresarial oferecem uma rede de cobertura nacional bastante ampla, com pre\u00e7os mais acess\u00edvel que as seguradoras.","breadcrumb":{"@id":"https:\/\/planosdesaudeamil.com.br\/amilempresa\/amil-empresa-seguradoras\/#breadcrumb"},"inLanguage":"pt-BR","potentialAction":[{"@type":"ReadAction","target":["https:\/\/planosdesaudeamil.com.br\/amilempresa\/amil-empresa-seguradoras\/"]}]},{"@type":"ImageObject","inLanguage":"pt-BR","@id":"https:\/\/planosdesaudeamil.com.br\/amilempresa\/amil-empresa-seguradoras\/#primaryimage","url":"https:\/\/planosdesaudeamil.com.br\/amilempresa\/wp-content\/uploads\/2025\/10\/amil-empresa-osasco.jpg","contentUrl":"https:\/\/planosdesaudeamil.com.br\/amilempresa\/wp-content\/uploads\/2025\/10\/amil-empresa-osasco.jpg","width":900,"height":600},{"@type":"BreadcrumbList","@id":"https:\/\/planosdesaudeamil.com.br\/amilempresa\/amil-empresa-seguradoras\/#breadcrumb","itemListElement":[{"@type":"ListItem","position":1,"name":"Home","item":"https:\/\/planosdesaudeamil.com.br\/amilempresa\/"},{"@type":"ListItem","position":2,"name":"Amil empresa ou seguradoras?"}]},{"@type":"WebSite","@id":"https:\/\/planosdesaudeamil.com.br\/amilempresa\/#website","url":"https:\/\/planosdesaudeamil.com.br\/amilempresa\/","name":"AMIL EMPRESA","description":"Conhe\u00e7a os planos de sa\u00fade Amil empresarial","publisher":{"@id":"https:\/\/planosdesaudeamil.com.br\/amilempresa\/#organization"},"potentialAction":[{"@type":"SearchAction","target":{"@type":"EntryPoint","urlTemplate":"https:\/\/planosdesaudeamil.com.br\/amilempresa\/?s={search_term_string}"},"query-input":{"@type":"PropertyValueSpecification","valueRequired":true,"valueName":"search_term_string"}}],"inLanguage":"pt-BR"},{"@type":"Organization","@id":"https:\/\/planosdesaudeamil.com.br\/amilempresa\/#organization","name":"AMIL EMPRESA","url":"https:\/\/planosdesaudeamil.com.br\/amilempresa\/","logo":{"@type":"ImageObject","inLanguage":"pt-BR","@id":"https:\/\/planosdesaudeamil.com.br\/amilempresa\/#\/schema\/logo\/image\/","url":"https:\/\/planosdesaudeamil.com.br\/amilempresa\/wp-content\/uploads\/2025\/10\/logo-amil.jpg","contentUrl":"https:\/\/planosdesaudeamil.com.br\/amilempresa\/wp-content\/uploads\/2025\/10\/logo-amil.jpg","width":471,"height":115,"caption":"AMIL EMPRESA"},"image":{"@id":"https:\/\/planosdesaudeamil.com.br\/amilempresa\/#\/schema\/logo\/image\/"}},{"@type":"Person","@id":"https:\/\/planosdesaudeamil.com.br\/amilempresa\/#\/schema\/person\/3fc548a2d874c328fc3ed921ac47e56e","name":"planosdesaudeamil","image":{"@type":"ImageObject","inLanguage":"pt-BR","@id":"https:\/\/planosdesaudeamil.com.br\/amilempresa\/#\/schema\/person\/image\/","url":"https:\/\/secure.gravatar.com\/avatar\/7acdf4dd93d65d3ff07b554ff9af88f71a615ee75978c2b62fa15b7732ddd01c?s=96&d=mm&r=g","contentUrl":"https:\/\/secure.gravatar.com\/avatar\/7acdf4dd93d65d3ff07b554ff9af88f71a615ee75978c2b62fa15b7732ddd01c?s=96&d=mm&r=g","caption":"planosdesaudeamil"},"sameAs":["https:\/\/planosdesaudeamil.com.br\/amilempresa"],"url":"https:\/\/planosdesaudeamil.com.br\/amilempresa\/author\/planosdesaudeamil\/"}]}},"_links":{"self":[{"href":"https:\/\/planosdesaudeamil.com.br\/amilempresa\/wp-json\/wp\/v2\/posts\/267","targetHints":{"allow":["GET"]}}],"collection":[{"href":"https:\/\/planosdesaudeamil.com.br\/amilempresa\/wp-json\/wp\/v2\/posts"}],"about":[{"href":"https:\/\/planosdesaudeamil.com.br\/amilempresa\/wp-json\/wp\/v2\/types\/post"}],"author":[{"embeddable":true,"href":"https:\/\/planosdesaudeamil.com.br\/amilempresa\/wp-json\/wp\/v2\/users\/1"}],"replies":[{"embeddable":true,"href":"https:\/\/planosdesaudeamil.com.br\/amilempresa\/wp-json\/wp\/v2\/comments?post=267"}],"version-history":[{"count":3,"href":"https:\/\/planosdesaudeamil.com.br\/amilempresa\/wp-json\/wp\/v2\/posts\/267\/revisions"}],"predecessor-version":[{"id":449,"href":"https:\/\/planosdesaudeamil.com.br\/amilempresa\/wp-json\/wp\/v2\/posts\/267\/revisions\/449"}],"wp:featuredmedia":[{"embeddable":true,"href":"https:\/\/planosdesaudeamil.com.br\/amilempresa\/wp-json\/wp\/v2\/media\/50"}],"wp:attachment":[{"href":"https:\/\/planosdesaudeamil.com.br\/amilempresa\/wp-json\/wp\/v2\/media?parent=267"}],"wp:term":[{"taxonomy":"category","embeddable":true,"href":"https:\/\/planosdesaudeamil.com.br\/amilempresa\/wp-json\/wp\/v2\/categories?post=267"},{"taxonomy":"post_tag","embeddable":true,"href":"https:\/\/planosdesaudeamil.com.br\/amilempresa\/wp-json\/wp\/v2\/tags?post=267"}],"curies":[{"name":"wp","href":"https:\/\/api.w.org\/{rel}","templated":true}]}}